{"id":89373,"date":"2021-03-18T10:03:52","date_gmt":"2021-03-18T13:03:52","guid":{"rendered":"https:\/\/eldiariodesanpedro.com.ar\/sitio\/?p=89373"},"modified":"2021-03-18T10:03:56","modified_gmt":"2021-03-18T13:03:56","slug":"detuvieron-al-delincuente-que-robo-en-tarjeta-fertil","status":"publish","type":"post","link":"https:\/\/eldiariodesanpedro.com.ar\/sitio\/detuvieron-al-delincuente-que-robo-en-tarjeta-fertil\/","title":{"rendered":"Detuvieron al delincuente que robo en Tarjeta Fertil"},"content":{"rendered":"<!-- VideographyWP Plugin Message: Automatic video embedding prevented by plugin options. -->\n\n<p>En la noche de ayer personal del Gabinete Criminol\u00f3gico de la Comisar\u00eda tras distintas tareas investigativas, diligenci\u00f3 dos \u00f3rdenes de allanamiento extendidas por la justicia ordinaria en el marco de hecho Robo Calificado damnificado en la Financiera Tarjeta Fertil.&nbsp;<\/p>\n\n\n\n<p>En el domicilio de calle Brenan al 800 se procedi\u00f3 al secuestro rev\u00f3lver calibre 22 largo cargado con seis cartuchos intactos,&nbsp; r\u00e9plica de arma de fuego tipo pistola, vestimenta empresa Prosegur, dinero efectivo m\u00e1s de 20 mil pesos, y telefon\u00eda celular, aprehendiendo al morador y autor material, reconocido delincuente de 36 a\u00f1os de edad, de m\u00faltiples antecedentes por delitos contra la propiedad y las personas.&nbsp;<\/p>\n\n\n\n<p>El otro objetivo allanado result\u00f3 negativo, el aprehendido permanece alojado en sede policial a disposici\u00f3n judicial.&nbsp;<\/p>\n\n\n\n<p>El hecho inicial se dio el mediod\u00eda del martes como fuera de p\u00fablico conocimiento, mientras las investigaciones se manten\u00edan en reserva hasta la diligencias realizadas ayer, en ese lugar un delincuente vestido con ropa de la empresa de seguridad, simulando ser ciene ingreso a la financiera que se encontraba abierta al p\u00fablico, y una vez all\u00ed esgrimiendo arma de fuego sustrajo un poco m\u00e1s de $30 mil, d\u00e1ndose a la fuga a bordo de un autom\u00f3vil que lo esperaba.&nbsp;<\/p>\n\n\n\n<p>El an\u00e1lisis de la c\u00e1maras de seguridad municipales y la r\u00e1pida intervenci\u00f3n de la divisi\u00f3n de monitoreo de la Secretar\u00eda de Seguridad, pudieron identificar el rodado, y all\u00ed se inici\u00f3 la investigaci\u00f3n por parte del personal del gabinete de la comisar\u00eda, que culmin\u00f3 con la identificaci\u00f3n del autor material como as\u00ed del c\u00f3mplice, a\u00fan pr\u00f3fugo.&nbsp;<\/p>\n","protected":false},"excerpt":{"rendered":"<p>En la noche de ayer personal del Gabinete Criminol\u00f3gico de la Comisar\u00eda tras distintas tareas investigativas, diligenci\u00f3 dos \u00f3rdenes de allanamiento extendidas por la justicia ordinaria en el marco de hecho Robo Calificado damnificado en la Financiera Tarjeta Fertil.&nbsp; En el domicilio de calle Brenan al 800 se procedi\u00f3 al secuestro rev\u00f3lver calibre 22 largo [&hellip;]<\/p>\n","protected":false},"author":4,"featured_media":89374,"comment_status":"open","ping_status":"closed","sticky":false,"template":"","format":"standard","meta":{"om_disable_all_campaigns":false,"_jetpack_memberships_contains_paid_content":false,"footnotes":""},"categories":[50,2,103],"tags":[],"class_list":["post-89373","post","type-post","status-publish","format-standard","has-post-thumbnail","hentry","category-destacadas","category-locales","category-policiales-locales"],"aioseo_notices":[],"gutentor_comment":0,"jetpack_featured_media_url":"https:\/\/eldiariodesanpedro.com.ar\/sitio\/wp-content\/uploads\/2021\/03\/WhatsApp-Image-2021-03-18-at-10.00.12.jpeg","jetpack_shortlink":"https:\/\/wp.me\/p6RhLt-nfv","jetpack_sharing_enabled":true,"_links":{"self":[{"href":"https:\/\/eldiariodesanpedro.com.ar\/sitio\/wp-json\/wp\/v2\/posts\/89373","targetHints":{"allow":["GET"]}}],"collection":[{"href":"https:\/\/eldiariodesanpedro.com.ar\/sitio\/wp-json\/wp\/v2\/posts"}],"about":[{"href":"https:\/\/eldiariodesanpedro.com.ar\/sitio\/wp-json\/wp\/v2\/types\/post"}],"author":[{"embeddable":true,"href":"https:\/\/eldiariodesanpedro.com.ar\/sitio\/wp-json\/wp\/v2\/users\/4"}],"replies":[{"embeddable":true,"href":"https:\/\/eldiariodesanpedro.com.ar\/sitio\/wp-json\/wp\/v2\/comments?post=89373"}],"version-history":[{"count":1,"href":"https:\/\/eldiariodesanpedro.com.ar\/sitio\/wp-json\/wp\/v2\/posts\/89373\/revisions"}],"predecessor-version":[{"id":89375,"href":"https:\/\/eldiariodesanpedro.com.ar\/sitio\/wp-json\/wp\/v2\/posts\/89373\/revisions\/89375"}],"wp:featuredmedia":[{"embeddable":true,"href":"https:\/\/eldiariodesanpedro.com.ar\/sitio\/wp-json\/wp\/v2\/media\/89374"}],"wp:attachment":[{"href":"https:\/\/eldiariodesanpedro.com.ar\/sitio\/wp-json\/wp\/v2\/media?parent=89373"}],"wp:term":[{"taxonomy":"category","embeddable":true,"href":"https:\/\/eldiariodesanpedro.com.ar\/sitio\/wp-json\/wp\/v2\/categories?post=89373"},{"taxonomy":"post_tag","embeddable":true,"href":"https:\/\/eldiariodesanpedro.com.ar\/sitio\/wp-json\/wp\/v2\/tags?post=89373"}],"curies":[{"name":"wp","href":"https:\/\/api.w.org\/{rel}","templated":true}]}}