{"id":89371,"date":"2021-03-18T09:53:20","date_gmt":"2021-03-18T12:53:20","guid":{"rendered":"https:\/\/eldiariodesanpedro.com.ar\/sitio\/?p=89371"},"modified":"2021-03-18T09:53:25","modified_gmt":"2021-03-18T12:53:25","slug":"cronograma-de-anses-para-hoy-jueves-5","status":"publish","type":"post","link":"https:\/\/eldiariodesanpedro.com.ar\/sitio\/cronograma-de-anses-para-hoy-jueves-5\/","title":{"rendered":"Cronograma de Anses para hoy jueves"},"content":{"rendered":"<!-- VideographyWP Plugin Message: Automatic video embedding prevented by plugin options. -->\n\n<p><strong>El organismo, a cargo de la Lic. Fernanda Raverta, informa que sigue abierta la inscripci\u00f3n para Progresar 2021 y que hoy se abonan jubilaciones, pensiones, Asignaci\u00f3n Universal por Hijo y Embarazo, Asignaciones Familiares, tarjeta Alimentar y programa Hogar.<\/strong><\/p>\n\n\n\n<p><strong>Progresar 2021<\/strong><br><strong>Contin\u00faa la inscripci\u00f3n para Progresar 2021 hasta el 30 de abril. Los nuevos montos tienen hasta un 163 por ciento de aumento respecto al programa en 2020 y se adicionan dos cuotas m\u00e1s llegando a los 12 pagos por a\u00f1o. En una primera etapa, alcanzar\u00e1 a 750 mil chicos y chicas de todo el pa\u00eds. Para m\u00e1s informaci\u00f3n, ingresar a\u00a0<a rel=\"noreferrer noopener\" href=\"http:\/\/www.anses.gob.ar\/progresar\" target=\"_blank\">www.anses.gob.ar\/progresar<\/a>.<\/strong><\/p>\n\n\n\n<p><strong>Jubilaciones\u00a0y\u00a0pensiones\u00a0del Sistema Integrado Previsional Argentino (SIPA)<\/strong><br>Las sucursales bancarias habilitadas atender\u00e1n por ventanilla a jubilados, jubiladas, pensionados y pensionadas con documentos terminados en\u00a0<strong>8\u00a0<\/strong>cuyos<strong>\u00a0haberes NO SUPEREN la suma de 23.120 pesos<\/strong>.<br>En este sentido, si bien estas personas no tienen que solicitar turno previo para cobrar el beneficio,\u00a0deben acercarse a la sucursal bancaria \u00fanicamente en la fecha asignada. Cabe recordar que los haberes permanecer\u00e1n depositados en sus cuentas.<\/p>\n\n\n\n<p><strong>Asignaci\u00f3n Universal por Hijo y Asignaci\u00f3n Familiar por Hijo<\/strong><br>Con la utilizaci\u00f3n de la tarjeta de d\u00e9bito, hoy perciben la Asignaci\u00f3n Universal por Hijo y la Asignaci\u00f3n Familiar por Hijo titulares con documentos concluidos en\u00a0<strong>8<\/strong>.<br>Conjuntamente, se paga la Ayuda Escolar Anual a quienes cobren la AUH o Asignaci\u00f3n Familiar con esa misma terminaci\u00f3n de DNI. Se abona por menor entre 4 y 16 a\u00f1os inclusive, o por hija o hijo con discapacidad, sin l\u00edmite de edad. El beneficio lo percibe uno de los progenitores o tutor y para su cobro ser\u00e1 necesario haber presentado el certificado escolar.<\/p>\n\n\n\n<p><strong>Asignaci\u00f3n Universal por Embarazo<\/strong><br>Con la utilizaci\u00f3n de la tarjeta de d\u00e9bito, hoy cobran la Asignaci\u00f3n Universal por Embarazo las titulares con documentos finalizados en\u00a0<strong>6<\/strong>.<\/p>\n\n\n\n<p><strong>Asignaciones por\u00a0Prenatal\u00a0y por Maternidad<\/strong><br>Las titulares de la Asignaci\u00f3n por\u00a0Prenatal\u00a0y Asignaci\u00f3n por Maternidad con documentos terminados en\u00a0<strong>8\u00a0<\/strong>y<strong>\u00a09<\/strong>\u00a0perciben hoy su prestaci\u00f3n.<\/p>\n\n\n\n<p><strong>Tarjeta Alimentar<\/strong><br>En el marco del Plan Argentina contra el Hambre del Ministerio de Desarrollo Social, la ANSES acompa\u00f1a con el pago de la tarjeta Alimentar. Hoy perciben el beneficio quienes cobren la AUH con documentos concluidos en\u00a0<strong>8<\/strong>.<\/p>\n\n\n\n<p><strong>Programa Hogar<\/strong><br>La ANSES y la Secretar\u00eda de Energ\u00eda impulsan en conjunto el Programa Hogar, mediante el cual se otorga un subsidio para la compra de garrafas en viviendas que no est\u00e1n conectadas a la red de gas natural. Hoy cobran este beneficio las personas con documentos finalizados en<strong>\u00a08<\/strong>.<\/p>\n","protected":false},"excerpt":{"rendered":"<p>El organismo, a cargo de la Lic. Fernanda Raverta, informa que sigue abierta la inscripci\u00f3n para Progresar 2021 y que hoy se abonan jubilaciones, pensiones, Asignaci\u00f3n Universal por Hijo y Embarazo, Asignaciones Familiares, tarjeta Alimentar y programa Hogar. Progresar 2021Contin\u00faa la inscripci\u00f3n para Progresar 2021 hasta el 30 de abril. Los nuevos montos tienen hasta [&hellip;]<\/p>\n","protected":false},"author":4,"featured_media":79417,"comment_status":"open","ping_status":"closed","sticky":false,"template":"","format":"standard","meta":{"om_disable_all_campaigns":false,"_jetpack_memberships_contains_paid_content":false,"footnotes":""},"categories":[101,2],"tags":[],"class_list":["post-89371","post","type-post","status-publish","format-standard","has-post-thumbnail","hentry","category-interes-general-locales","category-locales"],"aioseo_notices":[],"gutentor_comment":0,"jetpack_featured_media_url":"https:\/\/eldiariodesanpedro.com.ar\/sitio\/wp-content\/uploads\/2020\/08\/1588601711_001936_1588601952_noticia_normal.jpg","jetpack_shortlink":"https:\/\/wp.me\/p6RhLt-nft","jetpack_sharing_enabled":true,"_links":{"self":[{"href":"https:\/\/eldiariodesanpedro.com.ar\/sitio\/wp-json\/wp\/v2\/posts\/89371","targetHints":{"allow":["GET"]}}],"collection":[{"href":"https:\/\/eldiariodesanpedro.com.ar\/sitio\/wp-json\/wp\/v2\/posts"}],"about":[{"href":"https:\/\/eldiariodesanpedro.com.ar\/sitio\/wp-json\/wp\/v2\/types\/post"}],"author":[{"embeddable":true,"href":"https:\/\/eldiariodesanpedro.com.ar\/sitio\/wp-json\/wp\/v2\/users\/4"}],"replies":[{"embeddable":true,"href":"https:\/\/eldiariodesanpedro.com.ar\/sitio\/wp-json\/wp\/v2\/comments?post=89371"}],"version-history":[{"count":1,"href":"https:\/\/eldiariodesanpedro.com.ar\/sitio\/wp-json\/wp\/v2\/posts\/89371\/revisions"}],"predecessor-version":[{"id":89372,"href":"https:\/\/eldiariodesanpedro.com.ar\/sitio\/wp-json\/wp\/v2\/posts\/89371\/revisions\/89372"}],"wp:featuredmedia":[{"embeddable":true,"href":"https:\/\/eldiariodesanpedro.com.ar\/sitio\/wp-json\/wp\/v2\/media\/79417"}],"wp:attachment":[{"href":"https:\/\/eldiariodesanpedro.com.ar\/sitio\/wp-json\/wp\/v2\/media?parent=89371"}],"wp:term":[{"taxonomy":"category","embeddable":true,"href":"https:\/\/eldiariodesanpedro.com.ar\/sitio\/wp-json\/wp\/v2\/categories?post=89371"},{"taxonomy":"post_tag","embeddable":true,"href":"https:\/\/eldiariodesanpedro.com.ar\/sitio\/wp-json\/wp\/v2\/tags?post=89371"}],"curies":[{"name":"wp","href":"https:\/\/api.w.org\/{rel}","templated":true}]}}