{"id":89368,"date":"2021-03-17T19:36:01","date_gmt":"2021-03-17T22:36:01","guid":{"rendered":"https:\/\/eldiariodesanpedro.com.ar\/sitio\/?p=89368"},"modified":"2021-03-17T19:36:15","modified_gmt":"2021-03-17T22:36:15","slug":"seis-anos-de-prision-para-el-bomba-gallardo-2","status":"publish","type":"post","link":"https:\/\/eldiariodesanpedro.com.ar\/sitio\/seis-anos-de-prision-para-el-bomba-gallardo-2\/","title":{"rendered":"Seis a\u00f1os de prisi\u00f3n para el \u00abBomba\u00bb Gallardo"},"content":{"rendered":"<!-- VideographyWP Plugin Message: Automatic video embedding prevented by plugin options. -->\n\n<p>Fue condenado por la justicia federal luego de ser hallado culpable del delito de comercializaci\u00f3n de estupefacientes. Juan Carlos Galeano tambi\u00e9n fue sancionado con 6 a\u00f1os de prisi\u00f3n.\u00a0El resto de la banda recibi\u00f3 entre 5 y 4 a\u00f1os de pena.<\/p>\n\n\n\n<p>Mediante el sistema de juicio abreviado fue condenada la banda liderada por Juan Carlos \u00abBomba\u00bb Gallardo. Todos fueron hallados culpables del delito de comercializaci\u00f3n de estupefacientes aunque en el caso de Gallardo se le adjunt\u00f3 el hecho de haber portado una arma de fuego con la que se tirote\u00f3 con la polic\u00eda, adem\u00e1s de ser considerado reincidente.<\/p>\n\n\n\n<p>La justicia federal conden\u00f3 a&nbsp;Juan Carlos Gallardo y Oscar Ernesto Galeano&nbsp;a&nbsp;la pena de seis a\u00f1os de prisi\u00f3n; a Laura Susana Quinteros a cinco a\u00f1os y a Oscar Leonardo \u201cBrea\u201d Fern\u00e1ndez y&nbsp;Ana Carolina \u201cCarola\u201d Austin&nbsp;a la condena de cuatro a\u00f1os de prisi\u00f3n.<\/p>\n\n\n\n<p>Todos est\u00e1n acusados de integrar una asociaci\u00f3n dedicada a la venta de marihuana. Fueron detenidos el 2&nbsp;de febrero de 2017, cuando una comisi\u00f3n policial persigui\u00f3 y se tirote\u00f3 con Gallardo y su esposa cuando estos transitaban por la Ruta 9 a la altura de la localidad de Z\u00e1rate, y ven\u00edan de&nbsp;encontrarse con Oscar Ernesto Galeano, quien tra\u00eda la droga desde Misiones, y mantuvieron&nbsp;contacto en una estaci\u00f3n de servicios ubicada sobre la Ruta 193 en inmediaciones del Puente Z\u00e1rate Brazo Largo.<\/p>\n\n\n\n<p>Ese mismo d\u00eda fueron detenidos los sampedrinos \u201cBrea\u201d Fern\u00e1ndez y Carola Aust\u00edn,\u00a0adem\u00e1s de\u00a0Joana Bel\u00e9n Gait\u00e1n Quinteros (hija de Laura Susana Quinteros), y a Leonardo Andr\u00e9s Barrios, novio de la joven, aunque luego fueron liberados ya que no hab\u00eda m\u00e9ritos suficientes para que siguieran imputados.<\/p>\n\n\n\n<p>Fuente: <a href=\"https:\/\/www.sanpedroinforma.com.ar\/nota\/124076\/interes-general\/seis-anos-de-prision-para-el-bomba-gallardo.html\">San Pedro Informa<\/a><\/p>\n","protected":false},"excerpt":{"rendered":"<p>Fue condenado por la justicia federal luego de ser hallado culpable del delito de comercializaci\u00f3n de estupefacientes. Juan Carlos Galeano tambi\u00e9n fue sancionado con 6 a\u00f1os de prisi\u00f3n.\u00a0El resto de la banda recibi\u00f3 entre 5 y 4 a\u00f1os de pena. Mediante el sistema de juicio abreviado fue condenada la banda liderada por Juan Carlos \u00abBomba\u00bb [&hellip;]<\/p>\n","protected":false},"author":4,"featured_media":89369,"comment_status":"open","ping_status":"closed","sticky":false,"template":"","format":"standard","meta":{"om_disable_all_campaigns":false,"_jetpack_memberships_contains_paid_content":false,"footnotes":""},"categories":[2],"tags":[],"class_list":["post-89368","post","type-post","status-publish","format-standard","has-post-thumbnail","hentry","category-locales"],"aioseo_notices":[],"gutentor_comment":0,"jetpack_featured_media_url":"https:\/\/eldiariodesanpedro.com.ar\/sitio\/wp-content\/uploads\/2021\/03\/000090528-1.jpg","jetpack_shortlink":"https:\/\/wp.me\/p6RhLt-nfq","jetpack_sharing_enabled":true,"_links":{"self":[{"href":"https:\/\/eldiariodesanpedro.com.ar\/sitio\/wp-json\/wp\/v2\/posts\/89368","targetHints":{"allow":["GET"]}}],"collection":[{"href":"https:\/\/eldiariodesanpedro.com.ar\/sitio\/wp-json\/wp\/v2\/posts"}],"about":[{"href":"https:\/\/eldiariodesanpedro.com.ar\/sitio\/wp-json\/wp\/v2\/types\/post"}],"author":[{"embeddable":true,"href":"https:\/\/eldiariodesanpedro.com.ar\/sitio\/wp-json\/wp\/v2\/users\/4"}],"replies":[{"embeddable":true,"href":"https:\/\/eldiariodesanpedro.com.ar\/sitio\/wp-json\/wp\/v2\/comments?post=89368"}],"version-history":[{"count":1,"href":"https:\/\/eldiariodesanpedro.com.ar\/sitio\/wp-json\/wp\/v2\/posts\/89368\/revisions"}],"predecessor-version":[{"id":89370,"href":"https:\/\/eldiariodesanpedro.com.ar\/sitio\/wp-json\/wp\/v2\/posts\/89368\/revisions\/89370"}],"wp:featuredmedia":[{"embeddable":true,"href":"https:\/\/eldiariodesanpedro.com.ar\/sitio\/wp-json\/wp\/v2\/media\/89369"}],"wp:attachment":[{"href":"https:\/\/eldiariodesanpedro.com.ar\/sitio\/wp-json\/wp\/v2\/media?parent=89368"}],"wp:term":[{"taxonomy":"category","embeddable":true,"href":"https:\/\/eldiariodesanpedro.com.ar\/sitio\/wp-json\/wp\/v2\/categories?post=89368"},{"taxonomy":"post_tag","embeddable":true,"href":"https:\/\/eldiariodesanpedro.com.ar\/sitio\/wp-json\/wp\/v2\/tags?post=89368"}],"curies":[{"name":"wp","href":"https:\/\/api.w.org\/{rel}","templated":true}]}}