{"id":89365,"date":"2021-03-17T18:13:01","date_gmt":"2021-03-17T21:13:01","guid":{"rendered":"https:\/\/eldiariodesanpedro.com.ar\/sitio\/?p=89365"},"modified":"2021-03-17T18:13:05","modified_gmt":"2021-03-17T21:13:05","slug":"la-perdida-de-olfato-podria-ser-un-sintoma-tranquilizador","status":"publish","type":"post","link":"https:\/\/eldiariodesanpedro.com.ar\/sitio\/la-perdida-de-olfato-podria-ser-un-sintoma-tranquilizador\/","title":{"rendered":"La p\u00e9rdida de olfato podr\u00eda ser un s\u00edntoma tranquilizador"},"content":{"rendered":"<!-- VideographyWP Plugin Message: Automatic video embedding prevented by plugin options. -->\n\n<p>La p\u00e9rdida de olfato, factor de diagn\u00f3stico temprano de coronavirus, gener\u00f3 angustia en muchos de los pacientes que la padecieron. Sin embargo, ahora advierten que podr\u00eda ser un s\u00edntoma tranquilizador ya que estar\u00eda vinculado a la activaci\u00f3n de cierta inmunidad por parte del organismo.<\/p>\n\n\n\n<p>Es un s\u00edntoma de buen pron\u00f3stico de la enfermedad, seg\u00fan concluye una investigaci\u00f3n internacional liderada por cient\u00edficos de la Universidad Complutense y el Hospital Cl\u00ednico San Carlos de Madrid.<\/p>\n\n\n\n<p>En un estudio realizado a 5.868 pacientes ingresados a diferentes centros de salud, los investigadores han corroborado que si bien todav\u00eda no est\u00e1 claro el origen de la p\u00e9rdida de olfato, la anosmia -tal como se la llama cient\u00edficamente- puede ser un factor que marque los casos leves que no generan complicaciones.<\/p>\n\n\n\n<p>\u201cEstos resultados tienen muchas implicaciones, desde la evaluaci\u00f3n inicial de los pacientes hasta en la capacidad de entender la fisiopatolog\u00eda. Posiblemente, la invasi\u00f3n del epitelio nasal hace que se active una inmunidad adecuada evitando las tormentas de citoquinas\u201d, aclararon.<br><br>Las conclusiones de este estudio podr\u00edan servir para elaborar \u00ab\u00edndices de riesgo\u00bb de complicaci\u00f3n, lo que seg\u00fan el experto ser\u00eda muy \u00fatil al valorar el alta de los pacientes.<br><br>En este marco, los investigadores determinaron tambi\u00e9n que las disfunciones olfativas y gustativas son m\u00e1s frecuentes en mujeres (12,41% frente a 8,67%), en menores de 65 a\u00f1os y en pacientes con patolog\u00edas de ri\u00f1\u00f3n, pulm\u00f3n, coraz\u00f3n, neurol\u00f3gicas u oncol\u00f3gicas.<br><br>Fuente: salud.es<\/p>\n","protected":false},"excerpt":{"rendered":"<p>La p\u00e9rdida de olfato, factor de diagn\u00f3stico temprano de coronavirus, gener\u00f3 angustia en muchos de los pacientes que la padecieron. Sin embargo, ahora advierten que podr\u00eda ser un s\u00edntoma tranquilizador ya que estar\u00eda vinculado a la activaci\u00f3n de cierta inmunidad por parte del organismo. Es un s\u00edntoma de buen pron\u00f3stico de la enfermedad, seg\u00fan concluye [&hellip;]<\/p>\n","protected":false},"author":4,"featured_media":89366,"comment_status":"open","ping_status":"closed","sticky":false,"template":"","format":"standard","meta":{"om_disable_all_campaigns":false,"_jetpack_memberships_contains_paid_content":false,"footnotes":""},"categories":[621],"tags":[],"class_list":["post-89365","post","type-post","status-publish","format-standard","has-post-thumbnail","hentry","category-regionales"],"aioseo_notices":[],"gutentor_comment":0,"jetpack_featured_media_url":"https:\/\/eldiariodesanpedro.com.ar\/sitio\/wp-content\/uploads\/2021\/03\/no_2oowdxg4vs5gn8sP_rdida_de_olfato.jpg","jetpack_shortlink":"https:\/\/wp.me\/p6RhLt-nfn","jetpack_sharing_enabled":true,"_links":{"self":[{"href":"https:\/\/eldiariodesanpedro.com.ar\/sitio\/wp-json\/wp\/v2\/posts\/89365","targetHints":{"allow":["GET"]}}],"collection":[{"href":"https:\/\/eldiariodesanpedro.com.ar\/sitio\/wp-json\/wp\/v2\/posts"}],"about":[{"href":"https:\/\/eldiariodesanpedro.com.ar\/sitio\/wp-json\/wp\/v2\/types\/post"}],"author":[{"embeddable":true,"href":"https:\/\/eldiariodesanpedro.com.ar\/sitio\/wp-json\/wp\/v2\/users\/4"}],"replies":[{"embeddable":true,"href":"https:\/\/eldiariodesanpedro.com.ar\/sitio\/wp-json\/wp\/v2\/comments?post=89365"}],"version-history":[{"count":1,"href":"https:\/\/eldiariodesanpedro.com.ar\/sitio\/wp-json\/wp\/v2\/posts\/89365\/revisions"}],"predecessor-version":[{"id":89367,"href":"https:\/\/eldiariodesanpedro.com.ar\/sitio\/wp-json\/wp\/v2\/posts\/89365\/revisions\/89367"}],"wp:featuredmedia":[{"embeddable":true,"href":"https:\/\/eldiariodesanpedro.com.ar\/sitio\/wp-json\/wp\/v2\/media\/89366"}],"wp:attachment":[{"href":"https:\/\/eldiariodesanpedro.com.ar\/sitio\/wp-json\/wp\/v2\/media?parent=89365"}],"wp:term":[{"taxonomy":"category","embeddable":true,"href":"https:\/\/eldiariodesanpedro.com.ar\/sitio\/wp-json\/wp\/v2\/categories?post=89365"},{"taxonomy":"post_tag","embeddable":true,"href":"https:\/\/eldiariodesanpedro.com.ar\/sitio\/wp-json\/wp\/v2\/tags?post=89365"}],"curies":[{"name":"wp","href":"https:\/\/api.w.org\/{rel}","templated":true}]}}