{"id":89362,"date":"2021-03-17T18:10:12","date_gmt":"2021-03-17T21:10:12","guid":{"rendered":"https:\/\/eldiariodesanpedro.com.ar\/sitio\/?p=89362"},"modified":"2021-03-17T18:10:16","modified_gmt":"2021-03-17T21:10:16","slug":"ramallo-apuntan-a-berni-por-la-represion-en-perez-millan","status":"publish","type":"post","link":"https:\/\/eldiariodesanpedro.com.ar\/sitio\/ramallo-apuntan-a-berni-por-la-represion-en-perez-millan\/","title":{"rendered":"RAMALLO | Apuntan a Berni por la represi\u00f3n en P\u00e9rez Mill\u00e1n"},"content":{"rendered":"<!-- VideographyWP Plugin Message: Automatic video embedding prevented by plugin options. -->\n\n<p>Los concejales de Juntos por el Cambio apuntaron contra el ministro de Seguridad provincial,&nbsp;<strong>Sergio Berni<\/strong>, por los violentos hechos en la localidad de P\u00e9rez Mill\u00e1n.<\/p>\n\n\n\n<p>Durante la madrugada del martes 16 de marzo, sumado a los disturbios de la tarde frente a la comisar\u00eda local, la polic\u00eda protagoniz\u00f3 una represi\u00f3n contra los trabajadores y vecinos autoconvocados.<\/p>\n\n\n\n<p>\u201cTanto desde el Ejecutivo municipal, como el Concejo Deliberante, se inst\u00f3 a mantener el dialogo para destrabar la situaci\u00f3n\u201d, expresaron, al mismo tiempo que repudiaron la violencia. El proyecto se tratar\u00e1 este jueves, desde las 19 horas, cuando sesione el Concejo Deliberante.<\/p>\n\n\n\n<p>Fuente: Ramallo Ciudad<\/p>\n","protected":false},"excerpt":{"rendered":"<p>Los concejales de Juntos por el Cambio apuntaron contra el ministro de Seguridad provincial,&nbsp;Sergio Berni, por los violentos hechos en la localidad de P\u00e9rez Mill\u00e1n. Durante la madrugada del martes 16 de marzo, sumado a los disturbios de la tarde frente a la comisar\u00eda local, la polic\u00eda protagoniz\u00f3 una represi\u00f3n contra los trabajadores y vecinos [&hellip;]<\/p>\n","protected":false},"author":4,"featured_media":89363,"comment_status":"open","ping_status":"closed","sticky":false,"template":"","format":"standard","meta":{"om_disable_all_campaigns":false,"_jetpack_memberships_contains_paid_content":false,"footnotes":""},"categories":[621],"tags":[],"class_list":["post-89362","post","type-post","status-publish","format-standard","has-post-thumbnail","hentry","category-regionales"],"aioseo_notices":[],"gutentor_comment":0,"jetpack_featured_media_url":"https:\/\/eldiariodesanpedro.com.ar\/sitio\/wp-content\/uploads\/2021\/03\/bbx_226937311_1_concejales_contra_berni.jpg","jetpack_shortlink":"https:\/\/wp.me\/p6RhLt-nfk","jetpack_sharing_enabled":true,"_links":{"self":[{"href":"https:\/\/eldiariodesanpedro.com.ar\/sitio\/wp-json\/wp\/v2\/posts\/89362","targetHints":{"allow":["GET"]}}],"collection":[{"href":"https:\/\/eldiariodesanpedro.com.ar\/sitio\/wp-json\/wp\/v2\/posts"}],"about":[{"href":"https:\/\/eldiariodesanpedro.com.ar\/sitio\/wp-json\/wp\/v2\/types\/post"}],"author":[{"embeddable":true,"href":"https:\/\/eldiariodesanpedro.com.ar\/sitio\/wp-json\/wp\/v2\/users\/4"}],"replies":[{"embeddable":true,"href":"https:\/\/eldiariodesanpedro.com.ar\/sitio\/wp-json\/wp\/v2\/comments?post=89362"}],"version-history":[{"count":1,"href":"https:\/\/eldiariodesanpedro.com.ar\/sitio\/wp-json\/wp\/v2\/posts\/89362\/revisions"}],"predecessor-version":[{"id":89364,"href":"https:\/\/eldiariodesanpedro.com.ar\/sitio\/wp-json\/wp\/v2\/posts\/89362\/revisions\/89364"}],"wp:featuredmedia":[{"embeddable":true,"href":"https:\/\/eldiariodesanpedro.com.ar\/sitio\/wp-json\/wp\/v2\/media\/89363"}],"wp:attachment":[{"href":"https:\/\/eldiariodesanpedro.com.ar\/sitio\/wp-json\/wp\/v2\/media?parent=89362"}],"wp:term":[{"taxonomy":"category","embeddable":true,"href":"https:\/\/eldiariodesanpedro.com.ar\/sitio\/wp-json\/wp\/v2\/categories?post=89362"},{"taxonomy":"post_tag","embeddable":true,"href":"https:\/\/eldiariodesanpedro.com.ar\/sitio\/wp-json\/wp\/v2\/tags?post=89362"}],"curies":[{"name":"wp","href":"https:\/\/api.w.org\/{rel}","templated":true}]}}