{"id":89354,"date":"2021-03-17T12:40:09","date_gmt":"2021-03-17T15:40:09","guid":{"rendered":"https:\/\/eldiariodesanpedro.com.ar\/sitio\/?p=89354"},"modified":"2021-03-17T12:40:13","modified_gmt":"2021-03-17T15:40:13","slug":"ramallo-alejo-giovanelli-se-llego-a-una-situacion-extrema-que-estaba-latente-desde-el-minuto-cero-del-conflicto","status":"publish","type":"post","link":"https:\/\/eldiariodesanpedro.com.ar\/sitio\/ramallo-alejo-giovanelli-se-llego-a-una-situacion-extrema-que-estaba-latente-desde-el-minuto-cero-del-conflicto\/","title":{"rendered":"RAMALLO | Alejo Giovanelli: \u00abSe lleg\u00f3 a una situaci\u00f3n extrema que estaba latente desde el minuto cero del conflicto\u00bb"},"content":{"rendered":"<!-- VideographyWP Plugin Message: Automatic video embedding prevented by plugin options. -->\n\n<p>Esta ma\u00f1ana mantuvimos un contacto telef\u00f3nico con Alejo Giovanelli, Secretario de Seguridad Municipal, quien se encontraba presente en P\u00e9rez Mill\u00e1n, foco de un conflicto que lejos de resolverse parece que cada vez es m\u00e1s complicado. Como ya anunciamos en este medio, durante la madrugada la Infanter\u00eda reprimi\u00f3 con balas de goma y gases a los trabajadores que se encontraban acampando en la puerta del sindicato de la carne, exigiendo la salida de Luis P\u00e9rez, su titular. Giovanelli comparti\u00f3 estas palabras con FM 95.5 Ramallo City: \u201cTengo que llevar el foco de la situaci\u00f3n conflictiva unos d\u00edas m\u00e1s atr\u00e1s.<\/p>\n\n\n\n<p>Cuando vino gente de la Federaci\u00f3n se descomprime bastante todo pero la orden de la justicia de devolver la llave del sindicato a quienes tienen la representaci\u00f3n gremial, creo que fue la chispa que gener\u00f3 un enardecimiento l\u00f3gico y esperado que en el d\u00eda de ayer encontr\u00f3 su punto m\u00e1ximo cuando hicieron un acampe en las inmediaciones, en la vereda del sindicato y desde el sindicato hicieron la denuncia aduciendo que estaban privados de la libertad y se sent\u00edan amenazados.&nbsp;<\/p>\n\n\n\n<p>Tom\u00f3 intervenci\u00f3n la fiscal\u00eda y la polic\u00eda, como auxiliar de la justicia, deb\u00eda mantener el orden y preservar la integridad f\u00edsica de las personas. Luego de negociaciones y cuando ya la situaci\u00f3n iba a entrar en v\u00eda muerta porque el di\u00e1logo se hab\u00eda cortado, se tom\u00f3 la determinaci\u00f3n de que Infanter\u00eda venga a cumplir con el mando judicial: que la gente que estaba adentro del sindicato pueda salir\u201d. Esto llev\u00f3 a la ya conocida represi\u00f3n en donde la violencia se hizo sentir:&nbsp;<\/p>\n\n\n\n<p>\u201cLamentablemente hubo heridos, tanto trabajadores autoconvocados como polic\u00edas. Tambi\u00e9n hubo patrulleros da\u00f1ados. Fue una situaci\u00f3n ca\u00f3tica\u201d, confirm\u00f3 Giovanelli quien adem\u00e1s agreg\u00f3: \u201cEl responsable m\u00e1ximo y que estuvo en la negociaci\u00f3n, que fue el enlace entre los autoconvocados y los representantes gremiales fue el Superintendente Monfort, respondiendo a los mandos judiciales\u201d.&nbsp;<\/p>\n\n\n\n<p>La intervenci\u00f3n de la Infanter\u00eda provoc\u00f3 m\u00e1s tensi\u00f3n y hechos de violencia como piedrazos en la casa familiar de Luis P\u00e9rez, en donde ahora hay una consigna custodiando la vivienda y a sus habitantes, como as\u00ed tambi\u00e9n la Infanter\u00eda se encuentra presente en la puerta del Sindicato. \u201cLo de anoche no contribuye en lo m\u00e1s m\u00ednimo en la soluci\u00f3n al conflicto.&nbsp;<\/p>\n\n\n\n<p>Se lleg\u00f3 a una situaci\u00f3n extrema que estaba latente desde el minuto cero del conflicto. No podemos sembrar el caos y dejar en vilo a toda una comunidad. Hasta que no se genere un punto de encuentro o de uni\u00f3n va a haber una tensi\u00f3n permanente.&nbsp;<\/p>\n\n\n\n<p>Hoy se respira un ambiente de tensi\u00f3n todav\u00eda. Ojal\u00e1 que en alg\u00fan punto esto sirva para que quienes tengan representatividad desde ambos lados del conflicto tomen cartas en el asunto y dejen de lado cuestiones personales y mezquinas. De parte del intendente hay un llamado al di\u00e1logo desde el primer d\u00eda. No podemos tener a toda una comunidad en vilo por intereses sectoriales\u201d, expres\u00f3 el Secretario de Seguridad.<\/p>\n\n\n\n<p>Fuente: <a href=\"https:\/\/www.facebook.com\/ramallocity\/photos\/a.722044721193353\/3971815326216260\/\">Ramallo City<\/a><\/p>\n","protected":false},"excerpt":{"rendered":"<p>Esta ma\u00f1ana mantuvimos un contacto telef\u00f3nico con Alejo Giovanelli, Secretario de Seguridad Municipal, quien se encontraba presente en P\u00e9rez Mill\u00e1n, foco de un conflicto que lejos de resolverse parece que cada vez es m\u00e1s complicado. Como ya anunciamos en este medio, durante la madrugada la Infanter\u00eda reprimi\u00f3 con balas de goma y gases a los [&hellip;]<\/p>\n","protected":false},"author":4,"featured_media":89355,"comment_status":"open","ping_status":"closed","sticky":false,"template":"","format":"standard","meta":{"om_disable_all_campaigns":false,"_jetpack_memberships_contains_paid_content":false,"footnotes":""},"categories":[621],"tags":[],"class_list":["post-89354","post","type-post","status-publish","format-standard","has-post-thumbnail","hentry","category-regionales"],"aioseo_notices":[],"gutentor_comment":0,"jetpack_featured_media_url":"https:\/\/eldiariodesanpedro.com.ar\/sitio\/wp-content\/uploads\/2021\/03\/161374586_3971815329549593_698897498765162629_o.jpg","jetpack_shortlink":"https:\/\/wp.me\/p6RhLt-nfc","jetpack_sharing_enabled":true,"_links":{"self":[{"href":"https:\/\/eldiariodesanpedro.com.ar\/sitio\/wp-json\/wp\/v2\/posts\/89354","targetHints":{"allow":["GET"]}}],"collection":[{"href":"https:\/\/eldiariodesanpedro.com.ar\/sitio\/wp-json\/wp\/v2\/posts"}],"about":[{"href":"https:\/\/eldiariodesanpedro.com.ar\/sitio\/wp-json\/wp\/v2\/types\/post"}],"author":[{"embeddable":true,"href":"https:\/\/eldiariodesanpedro.com.ar\/sitio\/wp-json\/wp\/v2\/users\/4"}],"replies":[{"embeddable":true,"href":"https:\/\/eldiariodesanpedro.com.ar\/sitio\/wp-json\/wp\/v2\/comments?post=89354"}],"version-history":[{"count":1,"href":"https:\/\/eldiariodesanpedro.com.ar\/sitio\/wp-json\/wp\/v2\/posts\/89354\/revisions"}],"predecessor-version":[{"id":89356,"href":"https:\/\/eldiariodesanpedro.com.ar\/sitio\/wp-json\/wp\/v2\/posts\/89354\/revisions\/89356"}],"wp:featuredmedia":[{"embeddable":true,"href":"https:\/\/eldiariodesanpedro.com.ar\/sitio\/wp-json\/wp\/v2\/media\/89355"}],"wp:attachment":[{"href":"https:\/\/eldiariodesanpedro.com.ar\/sitio\/wp-json\/wp\/v2\/media?parent=89354"}],"wp:term":[{"taxonomy":"category","embeddable":true,"href":"https:\/\/eldiariodesanpedro.com.ar\/sitio\/wp-json\/wp\/v2\/categories?post=89354"},{"taxonomy":"post_tag","embeddable":true,"href":"https:\/\/eldiariodesanpedro.com.ar\/sitio\/wp-json\/wp\/v2\/tags?post=89354"}],"curies":[{"name":"wp","href":"https:\/\/api.w.org\/{rel}","templated":true}]}}