{"id":89351,"date":"2021-03-17T12:30:49","date_gmt":"2021-03-17T15:30:49","guid":{"rendered":"https:\/\/eldiariodesanpedro.com.ar\/sitio\/?p=89351"},"modified":"2021-03-17T12:30:54","modified_gmt":"2021-03-17T15:30:54","slug":"actividades-por-el-10o-aniversario-del-paseo-de-los-tuneles","status":"publish","type":"post","link":"https:\/\/eldiariodesanpedro.com.ar\/sitio\/actividades-por-el-10o-aniversario-del-paseo-de-los-tuneles\/","title":{"rendered":"Actividades por el 10\u00ba aniversario del Paseo de los T\u00faneles"},"content":{"rendered":"<!-- VideographyWP Plugin Message: Automatic video embedding prevented by plugin options. -->\n\n<p>La Municipalidad de San Pedro a trav\u00e9s de la Direcci\u00f3n de Cultura invita a las actividades que tendr\u00e1n lugar este domingo 21 de marzo para celebrar el 10\u00ba aniversario del Museo \u201cPaseo de los T\u00faneles y Sala de Recuperaci\u00f3n Eduardo Depietri\u201d.<\/p>\n\n\n\n<p>El museo estar\u00e1 abierto de 9 a 19 hs donde se podr\u00e1n recorrer, manteniendo distancia y utilizando barbijo. A las 11 hs se realizar\u00e1 una visita guiada teatralizada con la exposici\u00f3n de objetos recuperados en excavaciones en los talleres de los ferrocarriles y de elementos personales de Eduardo Depietri.<\/p>\n\n\n\n<p><\/p>\n","protected":false},"excerpt":{"rendered":"<p>La Municipalidad de San Pedro a trav\u00e9s de la Direcci\u00f3n de Cultura invita a las actividades que tendr\u00e1n lugar este domingo 21 de marzo para celebrar el 10\u00ba aniversario del Museo \u201cPaseo de los T\u00faneles y Sala de Recuperaci\u00f3n Eduardo Depietri\u201d. El museo estar\u00e1 abierto de 9 a 19 hs donde se podr\u00e1n recorrer, manteniendo [&hellip;]<\/p>\n","protected":false},"author":4,"featured_media":89352,"comment_status":"open","ping_status":"closed","sticky":false,"template":"","format":"standard","meta":{"om_disable_all_campaigns":false,"_jetpack_memberships_contains_paid_content":false,"footnotes":""},"categories":[101,2],"tags":[],"class_list":["post-89351","post","type-post","status-publish","format-standard","has-post-thumbnail","hentry","category-interes-general-locales","category-locales"],"aioseo_notices":[],"gutentor_comment":0,"jetpack_featured_media_url":"https:\/\/eldiariodesanpedro.com.ar\/sitio\/wp-content\/uploads\/2021\/03\/WhatsApp-Image-2021-03-17-at-12.20.51.jpeg","jetpack_shortlink":"https:\/\/wp.me\/p6RhLt-nf9","jetpack_sharing_enabled":true,"_links":{"self":[{"href":"https:\/\/eldiariodesanpedro.com.ar\/sitio\/wp-json\/wp\/v2\/posts\/89351","targetHints":{"allow":["GET"]}}],"collection":[{"href":"https:\/\/eldiariodesanpedro.com.ar\/sitio\/wp-json\/wp\/v2\/posts"}],"about":[{"href":"https:\/\/eldiariodesanpedro.com.ar\/sitio\/wp-json\/wp\/v2\/types\/post"}],"author":[{"embeddable":true,"href":"https:\/\/eldiariodesanpedro.com.ar\/sitio\/wp-json\/wp\/v2\/users\/4"}],"replies":[{"embeddable":true,"href":"https:\/\/eldiariodesanpedro.com.ar\/sitio\/wp-json\/wp\/v2\/comments?post=89351"}],"version-history":[{"count":1,"href":"https:\/\/eldiariodesanpedro.com.ar\/sitio\/wp-json\/wp\/v2\/posts\/89351\/revisions"}],"predecessor-version":[{"id":89353,"href":"https:\/\/eldiariodesanpedro.com.ar\/sitio\/wp-json\/wp\/v2\/posts\/89351\/revisions\/89353"}],"wp:featuredmedia":[{"embeddable":true,"href":"https:\/\/eldiariodesanpedro.com.ar\/sitio\/wp-json\/wp\/v2\/media\/89352"}],"wp:attachment":[{"href":"https:\/\/eldiariodesanpedro.com.ar\/sitio\/wp-json\/wp\/v2\/media?parent=89351"}],"wp:term":[{"taxonomy":"category","embeddable":true,"href":"https:\/\/eldiariodesanpedro.com.ar\/sitio\/wp-json\/wp\/v2\/categories?post=89351"},{"taxonomy":"post_tag","embeddable":true,"href":"https:\/\/eldiariodesanpedro.com.ar\/sitio\/wp-json\/wp\/v2\/tags?post=89351"}],"curies":[{"name":"wp","href":"https:\/\/api.w.org\/{rel}","templated":true}]}}