{"id":8935,"date":"2016-10-18T18:20:10","date_gmt":"2016-10-18T21:20:10","guid":{"rendered":"https:\/\/eldiariodesanpedro.com.ar\/sitio\/?p=8935"},"modified":"2016-10-18T18:20:10","modified_gmt":"2016-10-18T21:20:10","slug":"san-pedro-recibira-una-ambulancia-de-las-40-que-el-estado-nacional-entrego-a-la-provincia","status":"publish","type":"post","link":"https:\/\/eldiariodesanpedro.com.ar\/sitio\/san-pedro-recibira-una-ambulancia-de-las-40-que-el-estado-nacional-entrego-a-la-provincia\/","title":{"rendered":"San Pedro recibir\u00e1 una ambulancia de las 40 que el Estado Nacional entreg\u00f3 a la Provincia"},"content":{"rendered":"<p><!-- VideographyWP Plugin Message: Automatic video embedding prevented by plugin options. --><br \/>\nEl gobierno nacional entreg\u00f3 a la administraci\u00f3n provincial 40 nuevas ambulancias, que ser\u00e1n distribuidas en ciudades de todo el territorio bonaerense.<br \/>\nSe trata de 24 Unidades de Traslado y 16 Unidades de Terapia Intensiva M\u00f3vil, lo que representa una inversi\u00f3n total de 850 mil d\u00f3lares.<br \/>\n\u201cEs fundamental para la Provincia y para cuidar la vida\u201d, dijo Vidal durante la entrega, de la que tambi\u00e9n participaron los ministros de Salud de la Naci\u00f3n y la Provincia, Jorge Lemus y Zulma Ortiz, y los intendentes de los municipios que recibir\u00e1n las ambulancias, como San Andr\u00e9s de Giles, Arrecifes, Jun\u00edn, Lincoln, General Villegas, Tres Arroyos, Z\u00e1rate, Rojas, Baradero, Pinamar y San Pedro, entre otros.<br \/>\nCabe recordar que la Gobernadora viene impulsando la creaci\u00f3n de un Sistema de Asistencia M\u00e9dico de Emergencia en distintos municipios (SAME), con la provisi\u00f3n de ambulancias por parte de su gobierno.<br \/>\nMacri manifest\u00f3 el deseo de que estas ambulancias contribuyan a que \u00abpodamos salvar muchas vidas y que estemos ah\u00ed, donde se nos necesita, porque de eso se trata, que el Estado funcione\u00bb.<br \/>\nEl Presidente habl\u00f3 este mediod\u00eda durante el acto realizado en la sede de la Direcci\u00f3n Nacional de Emergencias Sanitarias, en la calle Salguero 3457, en la ciudad de Buenos Aires, donde se formaliz\u00f3 la entrega de las unidades.<br \/>\nMacri destac\u00f3 que \u00abla ambulancia es un elemento vital\u00bb para garantizar una r\u00e1pida respuesta en la emergencia y subray\u00f3 que \u00abtenemos recursos humanos muy valiosos\u00bb en el sistema de salud. \u00abLo que nos falta es coordinaci\u00f3n, inteligencia y trabajo en equipo, que es lo que estamos haciendo hoy\u00bb, agreg\u00f3.<br \/>\nPor su parte, Vidal sostuvo que \u00abcuando  uno est\u00e1 enfermo, tiene un accidente o un problema de salud es cuando m\u00e1s necesita del Estado\u00bb.<br \/>\n\u00abPor eso quiero agradecer al Gobierno nacional por esta inversi\u00f3n y este aporte, que, m\u00e1s que un apoyo al Gobierno de la provincia, es una tarea de cuidado a los vecinos\u00bb, remarc\u00f3.<br \/>\nEn total est\u00e1 prevista la entrega de 51 veh\u00edculos a la provincia.<br \/>\nLas 40 ambulancias entregadas se agregan a las seis unidades que ya fueron puestas a disposici\u00f3n de la administraci\u00f3n bonaerense  en septiembre pasado, en tanto que las cinco restantes se sumar\u00e1n a la brevedad.<br \/>\nEl Ministerio de Salud de la Naci\u00f3n adquiri\u00f3 otras 160 ambulancias, mediante una inversi\u00f3n total de 19,7 millones de d\u00f3lares, que se distribuir\u00e1n en los pr\u00f3ximos seis meses a las distintas provincias con el objetivo de fortalecer el sistema de salud.<br \/>\nEl programa SUMAR  brinda cobertura a 13,5 millones de ni\u00f1os, adolescentes, mujeres y hombres de hasta 64 a\u00f1os en todo el pa\u00eds.<\/p>\n","protected":false},"excerpt":{"rendered":"<p>El gobierno nacional entreg\u00f3 a la administraci\u00f3n provincial 40 nuevas ambulancias, que ser\u00e1n distribuidas en ciudades de todo el territorio bonaerense. Se trata de 24 Unidades de Traslado y 16 Unidades de Terapia Intensiva M\u00f3vil, lo que representa una inversi\u00f3n total de 850 mil d\u00f3lares. \u201cEs fundamental para la Provincia y para cuidar la vida\u201d, [&hellip;]<\/p>\n","protected":false},"author":4,"featured_media":8936,"comment_status":"open","ping_status":"closed","sticky":false,"template":"","format":"standard","meta":{"om_disable_all_campaigns":false,"_jetpack_memberships_contains_paid_content":false,"footnotes":""},"categories":[50,101,2],"tags":[],"class_list":["post-8935","post","type-post","status-publish","format-standard","has-post-thumbnail","hentry","category-destacadas","category-interes-general-locales","category-locales"],"aioseo_notices":[],"gutentor_comment":0,"jetpack_featured_media_url":"https:\/\/eldiariodesanpedro.com.ar\/sitio\/wp-content\/uploads\/2016\/10\/PAGINA-4-8.jpg","jetpack_shortlink":"https:\/\/wp.me\/p6RhLt-2k7","jetpack_sharing_enabled":true,"_links":{"self":[{"href":"https:\/\/eldiariodesanpedro.com.ar\/sitio\/wp-json\/wp\/v2\/posts\/8935","targetHints":{"allow":["GET"]}}],"collection":[{"href":"https:\/\/eldiariodesanpedro.com.ar\/sitio\/wp-json\/wp\/v2\/posts"}],"about":[{"href":"https:\/\/eldiariodesanpedro.com.ar\/sitio\/wp-json\/wp\/v2\/types\/post"}],"author":[{"embeddable":true,"href":"https:\/\/eldiariodesanpedro.com.ar\/sitio\/wp-json\/wp\/v2\/users\/4"}],"replies":[{"embeddable":true,"href":"https:\/\/eldiariodesanpedro.com.ar\/sitio\/wp-json\/wp\/v2\/comments?post=8935"}],"version-history":[{"count":1,"href":"https:\/\/eldiariodesanpedro.com.ar\/sitio\/wp-json\/wp\/v2\/posts\/8935\/revisions"}],"predecessor-version":[{"id":8937,"href":"https:\/\/eldiariodesanpedro.com.ar\/sitio\/wp-json\/wp\/v2\/posts\/8935\/revisions\/8937"}],"wp:featuredmedia":[{"embeddable":true,"href":"https:\/\/eldiariodesanpedro.com.ar\/sitio\/wp-json\/wp\/v2\/media\/8936"}],"wp:attachment":[{"href":"https:\/\/eldiariodesanpedro.com.ar\/sitio\/wp-json\/wp\/v2\/media?parent=8935"}],"wp:term":[{"taxonomy":"category","embeddable":true,"href":"https:\/\/eldiariodesanpedro.com.ar\/sitio\/wp-json\/wp\/v2\/categories?post=8935"},{"taxonomy":"post_tag","embeddable":true,"href":"https:\/\/eldiariodesanpedro.com.ar\/sitio\/wp-json\/wp\/v2\/tags?post=8935"}],"curies":[{"name":"wp","href":"https:\/\/api.w.org\/{rel}","templated":true}]}}