{"id":89347,"date":"2021-03-17T12:29:25","date_gmt":"2021-03-17T15:29:25","guid":{"rendered":"https:\/\/eldiariodesanpedro.com.ar\/sitio\/?p=89347"},"modified":"2021-03-17T12:29:30","modified_gmt":"2021-03-17T15:29:30","slug":"yoel-turci-a-cargo-del-destacamento-de-castro-y-gomez-a-cargo-del-destacamento-de-la-tosquera","status":"publish","type":"post","link":"https:\/\/eldiariodesanpedro.com.ar\/sitio\/yoel-turci-a-cargo-del-destacamento-de-castro-y-gomez-a-cargo-del-destacamento-de-la-tosquera\/","title":{"rendered":"Yoel Turci a cargo del destacamento de Castro y G\u00f3mez a cargo del destacamento de La Tosquera"},"content":{"rendered":"<!-- VideographyWP Plugin Message: Automatic video embedding prevented by plugin options. -->\n\n<p>Se realizaron cambios en la direcci\u00f3n de los destacamentos de localidades de la regi\u00f3n.<\/p>\n\n\n\n<p>En la ma\u00f1ana de hoy el jefe distrital Juan Catalano junto al Comisario Andr\u00e9s Galiano se hicieron presentes en la localidad de Gobernador Castro donde pusieron en funciones al oficial Yoel Turci como encargado del destacamento perteneciente a esa localidad en reemplazo del oficial principal recientemente ascendido Marcos Machado quien estuvo cargo por el lapso de seis a\u00f1os. <\/p>\n\n\n\n<p>El cambio obedece a cuestiones operativas, machado pasar\u00e1 a cumplir funciones en la comisar\u00eda local acorde a su jerarqu\u00eda.<\/p>\n\n\n\n<p>Al mismo tiempo se puso en funciones a la oficial inspectora Romina G\u00f3mez como encargada del Destacamento La Tosquera en remplazo del oficial Turci que fue trasladado a Castro.<\/p>\n\n\n\n<figure class=\"wp-block-image size-large\"><img decoding=\"async\" width=\"454\" height=\"687\" data-attachment-id=\"89349\" data-permalink=\"https:\/\/eldiariodesanpedro.com.ar\/sitio\/yoel-turci-a-cargo-del-destacamento-de-castro-y-gomez-a-cargo-del-destacamento-de-la-tosquera\/whatsapp-image-2021-03-17-at-11-29-19\/\" data-orig-file=\"https:\/\/eldiariodesanpedro.com.ar\/sitio\/wp-content\/uploads\/2021\/03\/WhatsApp-Image-2021-03-17-at-11.29.19.jpeg\" data-orig-size=\"454,687\" data-comments-opened=\"1\" data-image-meta=\"{&quot;aperture&quot;:&quot;0&quot;,&quot;credit&quot;:&quot;&quot;,&quot;camera&quot;:&quot;&quot;,&quot;caption&quot;:&quot;&quot;,&quot;created_timestamp&quot;:&quot;0&quot;,&quot;copyright&quot;:&quot;&quot;,&quot;focal_length&quot;:&quot;0&quot;,&quot;iso&quot;:&quot;0&quot;,&quot;shutter_speed&quot;:&quot;0&quot;,&quot;title&quot;:&quot;&quot;,&quot;orientation&quot;:&quot;0&quot;}\" data-image-title=\"WhatsApp Image 2021-03-17 at 11.29.19\" data-image-description=\"\" data-image-caption=\"\" data-large-file=\"https:\/\/eldiariodesanpedro.com.ar\/sitio\/wp-content\/uploads\/2021\/03\/WhatsApp-Image-2021-03-17-at-11.29.19.jpeg\" data-src=\"https:\/\/eldiariodesanpedro.com.ar\/sitio\/wp-content\/uploads\/2021\/03\/WhatsApp-Image-2021-03-17-at-11.29.19.jpeg\" alt=\"\" class=\"wp-image-89349 lazyload\" data-srcset=\"https:\/\/eldiariodesanpedro.com.ar\/sitio\/wp-content\/uploads\/2021\/03\/WhatsApp-Image-2021-03-17-at-11.29.19.jpeg 454w, https:\/\/eldiariodesanpedro.com.ar\/sitio\/wp-content\/uploads\/2021\/03\/WhatsApp-Image-2021-03-17-at-11.29.19-198x300.jpeg 198w\" data-sizes=\"(max-width: 454px) 100vw, 454px\" src=\"data:image\/svg+xml;base64,PHN2ZyB3aWR0aD0iMSIgaGVpZ2h0PSIxIiB4bWxucz0iaHR0cDovL3d3dy53My5vcmcvMjAwMC9zdmciPjwvc3ZnPg==\" style=\"--smush-placeholder-width: 454px; --smush-placeholder-aspect-ratio: 454\/687;\" \/><\/figure>\n","protected":false},"excerpt":{"rendered":"<p>Se realizaron cambios en la direcci\u00f3n de los destacamentos de localidades de la regi\u00f3n. En la ma\u00f1ana de hoy el jefe distrital Juan Catalano junto al Comisario Andr\u00e9s Galiano se hicieron presentes en la localidad de Gobernador Castro donde pusieron en funciones al oficial Yoel Turci como encargado del destacamento perteneciente a esa localidad en [&hellip;]<\/p>\n","protected":false},"author":4,"featured_media":89348,"comment_status":"open","ping_status":"closed","sticky":false,"template":"","format":"standard","meta":{"om_disable_all_campaigns":false,"_jetpack_memberships_contains_paid_content":false,"footnotes":""},"categories":[50,101,2],"tags":[],"class_list":["post-89347","post","type-post","status-publish","format-standard","has-post-thumbnail","hentry","category-destacadas","category-interes-general-locales","category-locales"],"aioseo_notices":[],"gutentor_comment":0,"jetpack_featured_media_url":"https:\/\/eldiariodesanpedro.com.ar\/sitio\/wp-content\/uploads\/2021\/03\/WhatsApp-Image-2021-03-17-at-11.29.11.jpeg","jetpack_shortlink":"https:\/\/wp.me\/p6RhLt-nf5","jetpack_sharing_enabled":true,"_links":{"self":[{"href":"https:\/\/eldiariodesanpedro.com.ar\/sitio\/wp-json\/wp\/v2\/posts\/89347","targetHints":{"allow":["GET"]}}],"collection":[{"href":"https:\/\/eldiariodesanpedro.com.ar\/sitio\/wp-json\/wp\/v2\/posts"}],"about":[{"href":"https:\/\/eldiariodesanpedro.com.ar\/sitio\/wp-json\/wp\/v2\/types\/post"}],"author":[{"embeddable":true,"href":"https:\/\/eldiariodesanpedro.com.ar\/sitio\/wp-json\/wp\/v2\/users\/4"}],"replies":[{"embeddable":true,"href":"https:\/\/eldiariodesanpedro.com.ar\/sitio\/wp-json\/wp\/v2\/comments?post=89347"}],"version-history":[{"count":1,"href":"https:\/\/eldiariodesanpedro.com.ar\/sitio\/wp-json\/wp\/v2\/posts\/89347\/revisions"}],"predecessor-version":[{"id":89350,"href":"https:\/\/eldiariodesanpedro.com.ar\/sitio\/wp-json\/wp\/v2\/posts\/89347\/revisions\/89350"}],"wp:featuredmedia":[{"embeddable":true,"href":"https:\/\/eldiariodesanpedro.com.ar\/sitio\/wp-json\/wp\/v2\/media\/89348"}],"wp:attachment":[{"href":"https:\/\/eldiariodesanpedro.com.ar\/sitio\/wp-json\/wp\/v2\/media?parent=89347"}],"wp:term":[{"taxonomy":"category","embeddable":true,"href":"https:\/\/eldiariodesanpedro.com.ar\/sitio\/wp-json\/wp\/v2\/categories?post=89347"},{"taxonomy":"post_tag","embeddable":true,"href":"https:\/\/eldiariodesanpedro.com.ar\/sitio\/wp-json\/wp\/v2\/tags?post=89347"}],"curies":[{"name":"wp","href":"https:\/\/api.w.org\/{rel}","templated":true}]}}