{"id":89343,"date":"2021-03-17T12:14:06","date_gmt":"2021-03-17T15:14:06","guid":{"rendered":"https:\/\/eldiariodesanpedro.com.ar\/sitio\/?p=89343"},"modified":"2021-03-17T12:14:11","modified_gmt":"2021-03-17T15:14:11","slug":"zarate-gendarmeria-y-bomberos-evitaron-el-suicidio-de-un-hombre-en-el-puente-zarate-brazo-largo","status":"publish","type":"post","link":"https:\/\/eldiariodesanpedro.com.ar\/sitio\/zarate-gendarmeria-y-bomberos-evitaron-el-suicidio-de-un-hombre-en-el-puente-zarate-brazo-largo\/","title":{"rendered":"Z\u00c1RATE | Gendarmer\u00eda y Bomberos evitaron el suicidio de un hombre en el puente Z\u00e1rate Brazo Largo"},"content":{"rendered":"<!-- VideographyWP Plugin Message: Automatic video embedding prevented by plugin options. -->\n\n<p>Pasadas las 00hs de este mi\u00e9rcoles, Gendarmer\u00eda y Bomberos Voluntarios evitaron el suicidio de una persona en el puente Z\u00e1rate Brazo Largo.<\/p>\n\n\n\n<p>Seg\u00fan trascendi\u00f3, el hombre de 36 a\u00f1os atravesaba problemas familiares que lo llevaron a querer tomar dicha decisi\u00f3n. El r\u00e1pido accionar de los presentes evit\u00f3 la tragedia.<\/p>\n\n\n\n<p>Al momento de la redacci\u00f3n de esta nota se aguardaba la llegada de la ambulancia.<\/p>\n\n\n\n<p>Fuente: <a href=\"http:\/\/www.enlacecritico.com\/destacados\/gendarmeria-y-bomberos-evitaron-el-suicidio-de-un-hombre-en-el-puente-zarate-brazo-largo\/\">Enlace Critico<\/a><\/p>\n","protected":false},"excerpt":{"rendered":"<p>Pasadas las 00hs de este mi\u00e9rcoles, Gendarmer\u00eda y Bomberos Voluntarios evitaron el suicidio de una persona en el puente Z\u00e1rate Brazo Largo. Seg\u00fan trascendi\u00f3, el hombre de 36 a\u00f1os atravesaba problemas familiares que lo llevaron a querer tomar dicha decisi\u00f3n. El r\u00e1pido accionar de los presentes evit\u00f3 la tragedia. Al momento de la redacci\u00f3n de [&hellip;]<\/p>\n","protected":false},"author":4,"featured_media":89344,"comment_status":"open","ping_status":"closed","sticky":false,"template":"","format":"standard","meta":{"om_disable_all_campaigns":false,"_jetpack_memberships_contains_paid_content":false,"footnotes":""},"categories":[621],"tags":[],"class_list":["post-89343","post","type-post","status-publish","format-standard","has-post-thumbnail","hentry","category-regionales"],"aioseo_notices":[],"gutentor_comment":0,"jetpack_featured_media_url":"https:\/\/eldiariodesanpedro.com.ar\/sitio\/wp-content\/uploads\/2021\/03\/Puente.jpg","jetpack_shortlink":"https:\/\/wp.me\/p6RhLt-nf1","jetpack_sharing_enabled":true,"_links":{"self":[{"href":"https:\/\/eldiariodesanpedro.com.ar\/sitio\/wp-json\/wp\/v2\/posts\/89343","targetHints":{"allow":["GET"]}}],"collection":[{"href":"https:\/\/eldiariodesanpedro.com.ar\/sitio\/wp-json\/wp\/v2\/posts"}],"about":[{"href":"https:\/\/eldiariodesanpedro.com.ar\/sitio\/wp-json\/wp\/v2\/types\/post"}],"author":[{"embeddable":true,"href":"https:\/\/eldiariodesanpedro.com.ar\/sitio\/wp-json\/wp\/v2\/users\/4"}],"replies":[{"embeddable":true,"href":"https:\/\/eldiariodesanpedro.com.ar\/sitio\/wp-json\/wp\/v2\/comments?post=89343"}],"version-history":[{"count":1,"href":"https:\/\/eldiariodesanpedro.com.ar\/sitio\/wp-json\/wp\/v2\/posts\/89343\/revisions"}],"predecessor-version":[{"id":89345,"href":"https:\/\/eldiariodesanpedro.com.ar\/sitio\/wp-json\/wp\/v2\/posts\/89343\/revisions\/89345"}],"wp:featuredmedia":[{"embeddable":true,"href":"https:\/\/eldiariodesanpedro.com.ar\/sitio\/wp-json\/wp\/v2\/media\/89344"}],"wp:attachment":[{"href":"https:\/\/eldiariodesanpedro.com.ar\/sitio\/wp-json\/wp\/v2\/media?parent=89343"}],"wp:term":[{"taxonomy":"category","embeddable":true,"href":"https:\/\/eldiariodesanpedro.com.ar\/sitio\/wp-json\/wp\/v2\/categories?post=89343"},{"taxonomy":"post_tag","embeddable":true,"href":"https:\/\/eldiariodesanpedro.com.ar\/sitio\/wp-json\/wp\/v2\/tags?post=89343"}],"curies":[{"name":"wp","href":"https:\/\/api.w.org\/{rel}","templated":true}]}}