{"id":89339,"date":"2021-03-17T12:09:05","date_gmt":"2021-03-17T15:09:05","guid":{"rendered":"https:\/\/eldiariodesanpedro.com.ar\/sitio\/?p=89339"},"modified":"2021-03-17T12:09:11","modified_gmt":"2021-03-17T15:09:11","slug":"zarate-accidente-fatal-entre-dos-camiones-en-ruta-9-a-la-altura-de-lima","status":"publish","type":"post","link":"https:\/\/eldiariodesanpedro.com.ar\/sitio\/zarate-accidente-fatal-entre-dos-camiones-en-ruta-9-a-la-altura-de-lima\/","title":{"rendered":"Z\u00c1RATE | Accidente fatal entre dos camiones en ruta 9 a la altura de Lima"},"content":{"rendered":"<!-- VideographyWP Plugin Message: Automatic video embedding prevented by plugin options. -->\n\n<p>Otro grav\u00edsimo choque entre camiones tuvo lugar pasadas la una de la madrugada en Ruta N\u00b0 9 altura km 106, en Lima.<\/p>\n\n\n\n<p>Uno de los choferes se habr\u00eda quedado dormido (viajaba solo), impactando violentamente y arrastrando varios metros al otro veh\u00edculo. Muri\u00f3 al instante y su cuerpo debi\u00f3 ser rescatado de entre los hierros retorcidos de la cabina: fue identificado como Carlos Alberto Lloan, de 53 a\u00f1os de edad y domiciliado en Rosario.<\/p>\n\n\n\n<p>Respecto al otro conductor, de la localidad de Hurlingham, la ambulancia del SEMU lo atendi\u00f3 con heridas leves propias del latigazo y lo traslad\u00f3 al hospital Virgen del Carmen.<\/p>\n\n\n\n<p>Trabaj\u00f3 en el lugar Bomberos Voluntarios de Lima, Comisar\u00eda 2da de Lima, Polic\u00eda Vial, Corredor Panamericano, Polic\u00eda Cient\u00edfica y el Instructor Alejandro Bigoni de la UFI n\u00b0 7.<\/p>\n\n\n\n<p>Semanas atr\u00e1s, y a pocos kil\u00f3metros de all\u00ed, se registraron otros dos accidentes fatales: el primero hab\u00eda sido tambi\u00e9n entre veh\u00edculos del mismo porte con un fallecido, y el segundo el tr\u00e1gico final de la familia venezolana en el que s\u00f3lo sobrevivi\u00f3 un beb\u00e9 de diez meses.10<\/p>\n\n\n\n<p>Fuente: <a href=\"http:\/\/www.enlacecritico.com\/destacados\/identificaron-al-camionero-fallecido-en-ruta-n-9-altura-lima\/\">Enlace Critico<\/a><\/p>\n\n\n\n<figure class=\"wp-block-image size-large\"><img decoding=\"async\" width=\"658\" height=\"400\" data-attachment-id=\"89341\" data-permalink=\"https:\/\/eldiariodesanpedro.com.ar\/sitio\/zarate-accidente-fatal-entre-dos-camiones-en-ruta-9-a-la-altura-de-lima\/accidente-6-1\/\" data-orig-file=\"https:\/\/eldiariodesanpedro.com.ar\/sitio\/wp-content\/uploads\/2021\/03\/Accidente-6-1.jpg\" data-orig-size=\"658,400\" data-comments-opened=\"1\" data-image-meta=\"{&quot;aperture&quot;:&quot;0&quot;,&quot;credit&quot;:&quot;&quot;,&quot;camera&quot;:&quot;&quot;,&quot;caption&quot;:&quot;&quot;,&quot;created_timestamp&quot;:&quot;0&quot;,&quot;copyright&quot;:&quot;&quot;,&quot;focal_length&quot;:&quot;0&quot;,&quot;iso&quot;:&quot;0&quot;,&quot;shutter_speed&quot;:&quot;0&quot;,&quot;title&quot;:&quot;&quot;,&quot;orientation&quot;:&quot;0&quot;}\" data-image-title=\"Accidente-6-1\" data-image-description=\"\" data-image-caption=\"\" data-large-file=\"https:\/\/eldiariodesanpedro.com.ar\/sitio\/wp-content\/uploads\/2021\/03\/Accidente-6-1.jpg\" data-src=\"https:\/\/eldiariodesanpedro.com.ar\/sitio\/wp-content\/uploads\/2021\/03\/Accidente-6-1.jpg\" alt=\"\" class=\"wp-image-89341 lazyload\" data-srcset=\"https:\/\/eldiariodesanpedro.com.ar\/sitio\/wp-content\/uploads\/2021\/03\/Accidente-6-1.jpg 658w, https:\/\/eldiariodesanpedro.com.ar\/sitio\/wp-content\/uploads\/2021\/03\/Accidente-6-1-300x182.jpg 300w\" data-sizes=\"(max-width: 658px) 100vw, 658px\" src=\"data:image\/svg+xml;base64,PHN2ZyB3aWR0aD0iMSIgaGVpZ2h0PSIxIiB4bWxucz0iaHR0cDovL3d3dy53My5vcmcvMjAwMC9zdmciPjwvc3ZnPg==\" style=\"--smush-placeholder-width: 658px; --smush-placeholder-aspect-ratio: 658\/400;\" \/><\/figure>\n","protected":false},"excerpt":{"rendered":"<p>Otro grav\u00edsimo choque entre camiones tuvo lugar pasadas la una de la madrugada en Ruta N\u00b0 9 altura km 106, en Lima. Uno de los choferes se habr\u00eda quedado dormido (viajaba solo), impactando violentamente y arrastrando varios metros al otro veh\u00edculo. Muri\u00f3 al instante y su cuerpo debi\u00f3 ser rescatado de entre los hierros retorcidos [&hellip;]<\/p>\n","protected":false},"author":4,"featured_media":89340,"comment_status":"open","ping_status":"closed","sticky":false,"template":"","format":"standard","meta":{"om_disable_all_campaigns":false,"_jetpack_memberships_contains_paid_content":false,"footnotes":""},"categories":[2],"tags":[],"class_list":["post-89339","post","type-post","status-publish","format-standard","has-post-thumbnail","hentry","category-locales"],"aioseo_notices":[],"gutentor_comment":0,"jetpack_featured_media_url":"https:\/\/eldiariodesanpedro.com.ar\/sitio\/wp-content\/uploads\/2021\/03\/Accidente-3-2.jpg","jetpack_shortlink":"https:\/\/wp.me\/p6RhLt-neX","jetpack_sharing_enabled":true,"_links":{"self":[{"href":"https:\/\/eldiariodesanpedro.com.ar\/sitio\/wp-json\/wp\/v2\/posts\/89339","targetHints":{"allow":["GET"]}}],"collection":[{"href":"https:\/\/eldiariodesanpedro.com.ar\/sitio\/wp-json\/wp\/v2\/posts"}],"about":[{"href":"https:\/\/eldiariodesanpedro.com.ar\/sitio\/wp-json\/wp\/v2\/types\/post"}],"author":[{"embeddable":true,"href":"https:\/\/eldiariodesanpedro.com.ar\/sitio\/wp-json\/wp\/v2\/users\/4"}],"replies":[{"embeddable":true,"href":"https:\/\/eldiariodesanpedro.com.ar\/sitio\/wp-json\/wp\/v2\/comments?post=89339"}],"version-history":[{"count":1,"href":"https:\/\/eldiariodesanpedro.com.ar\/sitio\/wp-json\/wp\/v2\/posts\/89339\/revisions"}],"predecessor-version":[{"id":89342,"href":"https:\/\/eldiariodesanpedro.com.ar\/sitio\/wp-json\/wp\/v2\/posts\/89339\/revisions\/89342"}],"wp:featuredmedia":[{"embeddable":true,"href":"https:\/\/eldiariodesanpedro.com.ar\/sitio\/wp-json\/wp\/v2\/media\/89340"}],"wp:attachment":[{"href":"https:\/\/eldiariodesanpedro.com.ar\/sitio\/wp-json\/wp\/v2\/media?parent=89339"}],"wp:term":[{"taxonomy":"category","embeddable":true,"href":"https:\/\/eldiariodesanpedro.com.ar\/sitio\/wp-json\/wp\/v2\/categories?post=89339"},{"taxonomy":"post_tag","embeddable":true,"href":"https:\/\/eldiariodesanpedro.com.ar\/sitio\/wp-json\/wp\/v2\/tags?post=89339"}],"curies":[{"name":"wp","href":"https:\/\/api.w.org\/{rel}","templated":true}]}}