{"id":89336,"date":"2021-03-17T11:50:19","date_gmt":"2021-03-17T14:50:19","guid":{"rendered":"https:\/\/eldiariodesanpedro.com.ar\/sitio\/?p=89336"},"modified":"2021-03-17T11:50:21","modified_gmt":"2021-03-17T14:50:21","slug":"carmen-de-areco-pierden-la-vida-3-gilenses-en-un-tragico-accidente","status":"publish","type":"post","link":"https:\/\/eldiariodesanpedro.com.ar\/sitio\/carmen-de-areco-pierden-la-vida-3-gilenses-en-un-tragico-accidente\/","title":{"rendered":"CARMEN DE ARECO | Pierden la vida 3 gilenses en un tr\u00e1gico accidente"},"content":{"rendered":"<!-- VideographyWP Plugin Message: Automatic video embedding prevented by plugin options. -->\n\n<p>Un tremendo accidente conmocion\u00f3 a la comunidad de San Andr\u00e9s de Giles. En el kil\u00f3metro 135 de la AU. 7, que une a nuestra ciudad con Carmen de Areco, tres vecinos fueron v\u00edctimas fatales del siniestro.<\/p>\n\n\n\n<p>Seg\u00fan contaron medios de Carmen de Areco, una camioneta Toyota Hilux blanca, tripulada por tres gilenses, impact\u00f3 con la parte trasera de un cami\u00f3n. El fuerte choque provoc\u00f3 el inmediato fallecimiento de los ocupantes del utilitario menor.<\/p>\n\n\n\n<p>En el lugar trabajaron Bomberos, el SAME y la Polic\u00eda para articular el tr\u00e1nsito. Por el momento se desconoce la mec\u00e1nica del fuerte accidente, algo que los peritos est\u00e1n analizando en este momento con la ruta cortada hacia San Andr\u00e9s de Giles.<\/p>\n\n\n\n<p>Los vecinos se dedicaban al rubro de la carne, siendo personas reconocidas de nuestra comunidad. Esta terrible situaci\u00f3n conmueve y entristece a la ciudad.<\/p>\n\n\n\n<p>Fuente: InfociudadSAG<\/p>\n","protected":false},"excerpt":{"rendered":"<p>Un tremendo accidente conmocion\u00f3 a la comunidad de San Andr\u00e9s de Giles. En el kil\u00f3metro 135 de la AU. 7, que une a nuestra ciudad con Carmen de Areco, tres vecinos fueron v\u00edctimas fatales del siniestro. Seg\u00fan contaron medios de Carmen de Areco, una camioneta Toyota Hilux blanca, tripulada por tres gilenses, impact\u00f3 con la [&hellip;]<\/p>\n","protected":false},"author":4,"featured_media":89337,"comment_status":"open","ping_status":"closed","sticky":false,"template":"","format":"standard","meta":{"om_disable_all_campaigns":false,"_jetpack_memberships_contains_paid_content":false,"footnotes":""},"categories":[621],"tags":[],"class_list":["post-89336","post","type-post","status-publish","format-standard","has-post-thumbnail","hentry","category-regionales"],"aioseo_notices":[],"gutentor_comment":0,"jetpack_featured_media_url":"https:\/\/eldiariodesanpedro.com.ar\/sitio\/wp-content\/uploads\/2021\/03\/fb_img_1615860652075_0.jpg","jetpack_shortlink":"https:\/\/wp.me\/p6RhLt-neU","jetpack_sharing_enabled":true,"_links":{"self":[{"href":"https:\/\/eldiariodesanpedro.com.ar\/sitio\/wp-json\/wp\/v2\/posts\/89336","targetHints":{"allow":["GET"]}}],"collection":[{"href":"https:\/\/eldiariodesanpedro.com.ar\/sitio\/wp-json\/wp\/v2\/posts"}],"about":[{"href":"https:\/\/eldiariodesanpedro.com.ar\/sitio\/wp-json\/wp\/v2\/types\/post"}],"author":[{"embeddable":true,"href":"https:\/\/eldiariodesanpedro.com.ar\/sitio\/wp-json\/wp\/v2\/users\/4"}],"replies":[{"embeddable":true,"href":"https:\/\/eldiariodesanpedro.com.ar\/sitio\/wp-json\/wp\/v2\/comments?post=89336"}],"version-history":[{"count":1,"href":"https:\/\/eldiariodesanpedro.com.ar\/sitio\/wp-json\/wp\/v2\/posts\/89336\/revisions"}],"predecessor-version":[{"id":89338,"href":"https:\/\/eldiariodesanpedro.com.ar\/sitio\/wp-json\/wp\/v2\/posts\/89336\/revisions\/89338"}],"wp:featuredmedia":[{"embeddable":true,"href":"https:\/\/eldiariodesanpedro.com.ar\/sitio\/wp-json\/wp\/v2\/media\/89337"}],"wp:attachment":[{"href":"https:\/\/eldiariodesanpedro.com.ar\/sitio\/wp-json\/wp\/v2\/media?parent=89336"}],"wp:term":[{"taxonomy":"category","embeddable":true,"href":"https:\/\/eldiariodesanpedro.com.ar\/sitio\/wp-json\/wp\/v2\/categories?post=89336"},{"taxonomy":"post_tag","embeddable":true,"href":"https:\/\/eldiariodesanpedro.com.ar\/sitio\/wp-json\/wp\/v2\/tags?post=89336"}],"curies":[{"name":"wp","href":"https:\/\/api.w.org\/{rel}","templated":true}]}}