{"id":89333,"date":"2021-03-17T11:44:27","date_gmt":"2021-03-17T14:44:27","guid":{"rendered":"https:\/\/eldiariodesanpedro.com.ar\/sitio\/?p=89333"},"modified":"2021-03-17T11:44:28","modified_gmt":"2021-03-17T14:44:28","slug":"san-antonio-de-areco-una-mujer-cocinaba-la-cena-y-fue-reducida-por-cuatro-delincuentes","status":"publish","type":"post","link":"https:\/\/eldiariodesanpedro.com.ar\/sitio\/san-antonio-de-areco-una-mujer-cocinaba-la-cena-y-fue-reducida-por-cuatro-delincuentes\/","title":{"rendered":"SAN ANTONIO DE ARECO | una mujer cocinaba la cena y fue reducida por cuatro delincuentes"},"content":{"rendered":"<!-- VideographyWP Plugin Message: Automatic video embedding prevented by plugin options. -->\n\n<p>Cuatro delincuentes se metieron en una casa y enca\u00f1onaron a una mujer de 43 a\u00f1os cuando cocinaba. Se llevaron dinero y objetos de valor<\/p>\n\n\n\n<p>Una&nbsp;mujer&nbsp;de 43 a\u00f1os fue sorprendida por cuatro&nbsp;delincuentes&nbsp;cuando&nbsp;cocinaba&nbsp;en su casa de la localidad bonaerense de San Antonio de Areco y en el asalto perdi\u00f3 dinero, un celular y un reloj, informaron fuentes policiales.<\/p>\n\n\n\n<p>El robo se produjo el pasado viernes en una vivienda situada en la calle Alberdi al 900 cuando la mujer, de nombre Susana, preparaba la cena.<\/p>\n\n\n\n<p>La damnificada escuch\u00f3 un ruido y cuando fue a ver qu\u00e9 ocurr\u00eda se encontr\u00f3 con cuatro desconocidos dentro de la vivienda.<\/p>\n\n\n\n<p>Los intrusos la amenazaron y en minutos se alzaron con los ahorros, un reloj y un tel\u00e9fono m\u00f3vil.<\/p>\n\n\n\n<p>Los delincuentes se dieron a la fuga y la mujer llam\u00f3 al 911. Poco despu\u00e9s llegaron al lugar efectivos policiales y tras averiguar que los ladrones hab\u00edan escapado y estaban armados, organizaron un operativo cerrojo.<\/p>\n\n\n\n<p>El rastrillaje no dio los resultados esperados y los asaltantes contin\u00faan con paradero desconocido en un hecho caratulado robo calificado.<\/p>\n\n\n\n<p>Fuente: Infocielo<\/p>\n","protected":false},"excerpt":{"rendered":"<p>Cuatro delincuentes se metieron en una casa y enca\u00f1onaron a una mujer de 43 a\u00f1os cuando cocinaba. Se llevaron dinero y objetos de valor Una&nbsp;mujer&nbsp;de 43 a\u00f1os fue sorprendida por cuatro&nbsp;delincuentes&nbsp;cuando&nbsp;cocinaba&nbsp;en su casa de la localidad bonaerense de San Antonio de Areco y en el asalto perdi\u00f3 dinero, un celular y un reloj, informaron fuentes [&hellip;]<\/p>\n","protected":false},"author":4,"featured_media":89334,"comment_status":"open","ping_status":"closed","sticky":false,"template":"","format":"standard","meta":{"om_disable_all_campaigns":false,"_jetpack_memberships_contains_paid_content":false,"footnotes":""},"categories":[621],"tags":[],"class_list":["post-89333","post","type-post","status-publish","format-standard","has-post-thumbnail","hentry","category-regionales"],"aioseo_notices":[],"gutentor_comment":0,"jetpack_featured_media_url":"https:\/\/eldiariodesanpedro.com.ar\/sitio\/wp-content\/uploads\/2021\/03\/el-robo-fue-una-casa-la-calle-alberdi-al-900.jpg","jetpack_shortlink":"https:\/\/wp.me\/p6RhLt-neR","jetpack_sharing_enabled":true,"_links":{"self":[{"href":"https:\/\/eldiariodesanpedro.com.ar\/sitio\/wp-json\/wp\/v2\/posts\/89333","targetHints":{"allow":["GET"]}}],"collection":[{"href":"https:\/\/eldiariodesanpedro.com.ar\/sitio\/wp-json\/wp\/v2\/posts"}],"about":[{"href":"https:\/\/eldiariodesanpedro.com.ar\/sitio\/wp-json\/wp\/v2\/types\/post"}],"author":[{"embeddable":true,"href":"https:\/\/eldiariodesanpedro.com.ar\/sitio\/wp-json\/wp\/v2\/users\/4"}],"replies":[{"embeddable":true,"href":"https:\/\/eldiariodesanpedro.com.ar\/sitio\/wp-json\/wp\/v2\/comments?post=89333"}],"version-history":[{"count":1,"href":"https:\/\/eldiariodesanpedro.com.ar\/sitio\/wp-json\/wp\/v2\/posts\/89333\/revisions"}],"predecessor-version":[{"id":89335,"href":"https:\/\/eldiariodesanpedro.com.ar\/sitio\/wp-json\/wp\/v2\/posts\/89333\/revisions\/89335"}],"wp:featuredmedia":[{"embeddable":true,"href":"https:\/\/eldiariodesanpedro.com.ar\/sitio\/wp-json\/wp\/v2\/media\/89334"}],"wp:attachment":[{"href":"https:\/\/eldiariodesanpedro.com.ar\/sitio\/wp-json\/wp\/v2\/media?parent=89333"}],"wp:term":[{"taxonomy":"category","embeddable":true,"href":"https:\/\/eldiariodesanpedro.com.ar\/sitio\/wp-json\/wp\/v2\/categories?post=89333"},{"taxonomy":"post_tag","embeddable":true,"href":"https:\/\/eldiariodesanpedro.com.ar\/sitio\/wp-json\/wp\/v2\/tags?post=89333"}],"curies":[{"name":"wp","href":"https:\/\/api.w.org\/{rel}","templated":true}]}}