{"id":89330,"date":"2021-03-17T11:42:52","date_gmt":"2021-03-17T14:42:52","guid":{"rendered":"https:\/\/eldiariodesanpedro.com.ar\/sitio\/?p=89330"},"modified":"2021-03-17T11:43:02","modified_gmt":"2021-03-17T14:43:02","slug":"capitan-sarmiento-vecinos-y-familiares-de-eliana-furi-marcharon-por-la-aparicion-de-la-adolescente","status":"publish","type":"post","link":"https:\/\/eldiariodesanpedro.com.ar\/sitio\/capitan-sarmiento-vecinos-y-familiares-de-eliana-furi-marcharon-por-la-aparicion-de-la-adolescente\/","title":{"rendered":"CAPITAN SARMIENTO | Vecinos y familiares de Eliana Furi marcharon por la aparici\u00f3n de la adolescente"},"content":{"rendered":"<!-- VideographyWP Plugin Message: Automatic video embedding prevented by plugin options. -->\n\n<p>La joven de 17 a\u00f1os de Capit\u00e1n Sarmiento fue vista por \u00faltima vez el 4 de marzo, cuando se fue a la escuela y no volvi\u00f3. Desde ese momento no se supo m\u00e1s nada de ella.<\/p>\n\n\n\n<p>Pese a las investigaciones y la intensificaci\u00f3n de la b\u00fasqueda por parte de toda una comunidad, no se obtuvo ning\u00fan dato cierto sobre su paradero.<\/p>\n\n\n\n<p>Este martes se cumplieron 11 d\u00edas de su desaparici\u00f3n y la desesperaci\u00f3n de su familia crece. Hace una semana, su mam\u00e1 dijo: \u201cEliana no quer\u00eda que nos mudemos a Chaco y por ello es probable que haya programado irse de casa. Hay detalles que indican eso. Lo que no es posible es que no se haya comunicado m\u00e1s conmigo. Cada vez que sal\u00eda se preocupaba por avisarme d\u00f3nde estaba\u201d.<\/p>\n\n\n\n<p>La desaparici\u00f3n de Eliana<\/p>\n\n\n\n<p>Eliana Furi fue vista por \u00faltima vez el&nbsp;jueves 4 de marzo, cuando sali\u00f3 de su casa unos minutos antes de las 8&nbsp;rumbo a la escuela, adonde nunca lleg\u00f3.<\/p>\n\n\n\n<p>La \u00faltima persona que la vio fue su hermana de 14 a\u00f1os, con quien se trasladaba hacia el establecimiento ubicado en Col\u00f3n, entre Rivadavia y M\u00e1rmol. Si bien la menor entr\u00f3 al colegio, Eliana le habr\u00eda dicho que deb\u00eda volver a buscar algo, y ya no regres\u00f3.<\/p>\n\n\n\n<p>Al tomar conocimiento de la situaci\u00f3n, la madre de la adolescente hizo la denuncia y ese mismo d\u00eda empez\u00f3 la b\u00fasqueda.&nbsp;\u201cNo sabemos para qu\u00e9 lado se fue ni con qui\u00e9n.&nbsp;Revisaron las c\u00e1maras y no hay noticias. Miramos todas las c\u00e1maras para ver d\u00f3nde podr\u00eda haber pasado, pero no se la ve\u201d, cont\u00f3 la mujer a&nbsp;FM Sarmiento.<\/p>\n\n\n\n<p>Por otra parte, la mam\u00e1 de Eliana habl\u00f3 acerca de&nbsp;un viaje a Chaco&nbsp;que ten\u00eda previsto hacer con su familia el viernes 5 de marzo, con el cual su hija en un principio no estaba de acuerdo.<\/p>\n\n\n\n<p>De acuerdo con la denuncia policial presentada, Eliana no ten\u00eda pareja (o al menos no estaban al tanto) y las compa\u00f1eras de su escuela aseguraron no saber d\u00f3nde puede estar. La joven tiene&nbsp;tez trigue\u00f1a,&nbsp;ojos marrones,&nbsp;pelo casta\u00f1o oscuro, es&nbsp;delgada,&nbsp;mide 1,65&nbsp;y&nbsp;no tiene piercings ni tatuajes.<\/p>\n\n\n\n<p>Cualquier persona que pueda aportar alg\u00fan dato para encontrar a la joven desaparecida puede comunicarse con la Comisar\u00eda de Sarmiento\u00a0al 02478 481255,\u00a0o bien al 911.<\/p>\n\n\n\n<p>Fuente: <a href=\"https:\/\/arrecifesnoticias.com\/\">Arrecifes Noticias<\/a><\/p>\n","protected":false},"excerpt":{"rendered":"<p>La joven de 17 a\u00f1os de Capit\u00e1n Sarmiento fue vista por \u00faltima vez el 4 de marzo, cuando se fue a la escuela y no volvi\u00f3. Desde ese momento no se supo m\u00e1s nada de ella. Pese a las investigaciones y la intensificaci\u00f3n de la b\u00fasqueda por parte de toda una comunidad, no se obtuvo [&hellip;]<\/p>\n","protected":false},"author":4,"featured_media":89331,"comment_status":"open","ping_status":"closed","sticky":false,"template":"","format":"standard","meta":{"om_disable_all_campaigns":false,"_jetpack_memberships_contains_paid_content":false,"footnotes":""},"categories":[621],"tags":[],"class_list":["post-89330","post","type-post","status-publish","format-standard","has-post-thumbnail","hentry","category-regionales"],"aioseo_notices":[],"gutentor_comment":0,"jetpack_featured_media_url":"https:\/\/eldiariodesanpedro.com.ar\/sitio\/wp-content\/uploads\/2021\/03\/csz2appvd5halhtheiey45ecwi.jpg","jetpack_shortlink":"https:\/\/wp.me\/p6RhLt-neO","jetpack_sharing_enabled":true,"_links":{"self":[{"href":"https:\/\/eldiariodesanpedro.com.ar\/sitio\/wp-json\/wp\/v2\/posts\/89330","targetHints":{"allow":["GET"]}}],"collection":[{"href":"https:\/\/eldiariodesanpedro.com.ar\/sitio\/wp-json\/wp\/v2\/posts"}],"about":[{"href":"https:\/\/eldiariodesanpedro.com.ar\/sitio\/wp-json\/wp\/v2\/types\/post"}],"author":[{"embeddable":true,"href":"https:\/\/eldiariodesanpedro.com.ar\/sitio\/wp-json\/wp\/v2\/users\/4"}],"replies":[{"embeddable":true,"href":"https:\/\/eldiariodesanpedro.com.ar\/sitio\/wp-json\/wp\/v2\/comments?post=89330"}],"version-history":[{"count":1,"href":"https:\/\/eldiariodesanpedro.com.ar\/sitio\/wp-json\/wp\/v2\/posts\/89330\/revisions"}],"predecessor-version":[{"id":89332,"href":"https:\/\/eldiariodesanpedro.com.ar\/sitio\/wp-json\/wp\/v2\/posts\/89330\/revisions\/89332"}],"wp:featuredmedia":[{"embeddable":true,"href":"https:\/\/eldiariodesanpedro.com.ar\/sitio\/wp-json\/wp\/v2\/media\/89331"}],"wp:attachment":[{"href":"https:\/\/eldiariodesanpedro.com.ar\/sitio\/wp-json\/wp\/v2\/media?parent=89330"}],"wp:term":[{"taxonomy":"category","embeddable":true,"href":"https:\/\/eldiariodesanpedro.com.ar\/sitio\/wp-json\/wp\/v2\/categories?post=89330"},{"taxonomy":"post_tag","embeddable":true,"href":"https:\/\/eldiariodesanpedro.com.ar\/sitio\/wp-json\/wp\/v2\/tags?post=89330"}],"curies":[{"name":"wp","href":"https:\/\/api.w.org\/{rel}","templated":true}]}}