{"id":89327,"date":"2021-03-17T11:39:27","date_gmt":"2021-03-17T14:39:27","guid":{"rendered":"https:\/\/eldiariodesanpedro.com.ar\/sitio\/?p=89327"},"modified":"2021-03-17T11:39:31","modified_gmt":"2021-03-17T14:39:31","slug":"baradero-inscripcion-al-programa-jovenes-con-mas-y-mejor-trabajo","status":"publish","type":"post","link":"https:\/\/eldiariodesanpedro.com.ar\/sitio\/baradero-inscripcion-al-programa-jovenes-con-mas-y-mejor-trabajo\/","title":{"rendered":"BARADERO | Inscripci\u00f3n al Programa J\u00f3venes con M\u00e1s y Mejor Trabajo"},"content":{"rendered":"<!-- VideographyWP Plugin Message: Automatic video embedding prevented by plugin options. -->\n\n<p><a href=\"https:\/\/tulineadirecta.com\/author\/tulineadirecta1\/\"><\/a>El Municipio de Baradero a trav\u00e9s de la Direcci\u00f3n General de Producci\u00f3n convoca a todos las juventudes de entre 18 y 24 a\u00f1os a presentarse en la oficina de Empleo de Baradero (Rodr\u00edguez 447) para inscribirse al Programa J\u00f3venes con M\u00e1s y Mejor Trabajo. \u00a0<\/p>\n\n\n\n<p>Este programa ofrece cursos de capacitaci\u00f3n laboral pagos es decir que por hacerlos reciben la suma de $4500 por mes, prestaci\u00f3n que se recibe durante la cursada. &nbsp;<\/p>\n\n\n\n<p>Adem\u00e1s, el programa est\u00e1 dirigido a todas y todos aquellos que est\u00e9n cursando o que a\u00fan no hayan finalizado sus estudios ya sea porque adeudan materias o no poseen el t\u00edtulo secundario en mano. &nbsp;<\/p>\n\n\n\n<p>Para inscribirse deber\u00e1n presentar fotocopia de DNI. Ante dudas y consultas comunicarse a trav\u00e9s de&nbsp;<a href=\"mailto:empleo@baradero.gob.ar\" target=\"_blank\" rel=\"noreferrer noopener\">empleo@baradero.gob.ar<\/a>&nbsp;o a la oficina de empleo ubicada en Rodr\u00edguez 447.&nbsp;<\/p>\n\n\n\n<p>El Programa J\u00f3venes con M\u00e1s y Mejor Trabajo tiene como finalidad brindar herramientas a las juventudes para su ingreso en el mundo laboral.\u00a0<\/p>\n\n\n\n<p>Fuente: <a href=\"https:\/\/tulineadirecta.com\/inscripcion-al-programa-jovenes-con-mas-y-mejor-trabajo\/\">Tu Linea Directa<\/a><\/p>\n","protected":false},"excerpt":{"rendered":"<p>El Municipio de Baradero a trav\u00e9s de la Direcci\u00f3n General de Producci\u00f3n convoca a todos las juventudes de entre 18 y 24 a\u00f1os a presentarse en la oficina de Empleo de Baradero (Rodr\u00edguez 447) para inscribirse al Programa J\u00f3venes con M\u00e1s y Mejor Trabajo. \u00a0 Este programa ofrece cursos de capacitaci\u00f3n laboral pagos es decir [&hellip;]<\/p>\n","protected":false},"author":4,"featured_media":89328,"comment_status":"open","ping_status":"closed","sticky":false,"template":"","format":"standard","meta":{"om_disable_all_campaigns":false,"_jetpack_memberships_contains_paid_content":false,"footnotes":""},"categories":[621],"tags":[],"class_list":["post-89327","post","type-post","status-publish","format-standard","has-post-thumbnail","hentry","category-regionales"],"aioseo_notices":[],"gutentor_comment":0,"jetpack_featured_media_url":"https:\/\/eldiariodesanpedro.com.ar\/sitio\/wp-content\/uploads\/2021\/03\/Programa-Jovenes-con-Mas-y-Mejor-Trabajo.jpg","jetpack_shortlink":"https:\/\/wp.me\/p6RhLt-neL","jetpack_sharing_enabled":true,"_links":{"self":[{"href":"https:\/\/eldiariodesanpedro.com.ar\/sitio\/wp-json\/wp\/v2\/posts\/89327","targetHints":{"allow":["GET"]}}],"collection":[{"href":"https:\/\/eldiariodesanpedro.com.ar\/sitio\/wp-json\/wp\/v2\/posts"}],"about":[{"href":"https:\/\/eldiariodesanpedro.com.ar\/sitio\/wp-json\/wp\/v2\/types\/post"}],"author":[{"embeddable":true,"href":"https:\/\/eldiariodesanpedro.com.ar\/sitio\/wp-json\/wp\/v2\/users\/4"}],"replies":[{"embeddable":true,"href":"https:\/\/eldiariodesanpedro.com.ar\/sitio\/wp-json\/wp\/v2\/comments?post=89327"}],"version-history":[{"count":1,"href":"https:\/\/eldiariodesanpedro.com.ar\/sitio\/wp-json\/wp\/v2\/posts\/89327\/revisions"}],"predecessor-version":[{"id":89329,"href":"https:\/\/eldiariodesanpedro.com.ar\/sitio\/wp-json\/wp\/v2\/posts\/89327\/revisions\/89329"}],"wp:featuredmedia":[{"embeddable":true,"href":"https:\/\/eldiariodesanpedro.com.ar\/sitio\/wp-json\/wp\/v2\/media\/89328"}],"wp:attachment":[{"href":"https:\/\/eldiariodesanpedro.com.ar\/sitio\/wp-json\/wp\/v2\/media?parent=89327"}],"wp:term":[{"taxonomy":"category","embeddable":true,"href":"https:\/\/eldiariodesanpedro.com.ar\/sitio\/wp-json\/wp\/v2\/categories?post=89327"},{"taxonomy":"post_tag","embeddable":true,"href":"https:\/\/eldiariodesanpedro.com.ar\/sitio\/wp-json\/wp\/v2\/tags?post=89327"}],"curies":[{"name":"wp","href":"https:\/\/api.w.org\/{rel}","templated":true}]}}