{"id":89324,"date":"2021-03-17T11:32:45","date_gmt":"2021-03-17T14:32:45","guid":{"rendered":"https:\/\/eldiariodesanpedro.com.ar\/sitio\/?p=89324"},"modified":"2021-03-17T11:33:51","modified_gmt":"2021-03-17T14:33:51","slug":"san-nicolas-caso-donato-fue-realizada-la-pericia-de-cotejo-de-adn-del-detenido-sergio-tissi","status":"publish","type":"post","link":"https:\/\/eldiariodesanpedro.com.ar\/sitio\/san-nicolas-caso-donato-fue-realizada-la-pericia-de-cotejo-de-adn-del-detenido-sergio-tissi\/","title":{"rendered":"SAN NICOL\u00c1S | Caso Donato: Fue realizada la pericia de cotejo de ADN del detenido Sergio Tissi"},"content":{"rendered":"<!-- VideographyWP Plugin Message: Automatic video embedding prevented by plugin options. -->\n\n<p>En las primeras horas de este martes, se realiz\u00f3 una nueva pericia en la causa que investiga el macabro asesinato de Carlos Donato el 15 de Octubre de 2020, en la finca ubicada sobre la Ruta 9 Km 233.<\/p>\n\n\n\n<p>La investigaci\u00f3n la realiza la Fiscal\u00eda del Dr Tan\u00fas con Instrucci\u00f3n del Dr. Fernando Ocariz. Los mismos solicitaron un cotejo de ADN entre las muestras de la v\u00edctima y el imputado Sergio Andr\u00e9s Tissi. Entre ellas un par de zapatillas color blancas, una remera rosa y una tarjeta SUBE. Todo el material fue hallado al lado del cuerpo de Donato con manchas hem\u00e1ticas en el lavadero de la vivienda, con signos de un brutal ataque.<\/p>\n\n\n\n<p>El cotejo se realiz\u00f3 en el laboratorio de an\u00e1lisis comparativo de ADN, en La Plata; que depende de la Direcci\u00f3n General de Asesor\u00edas Periciales. Y se aguardan los resultados.<\/p>\n\n\n\n<p>El \u00fanico detenido, Sergio Tissi, permanece alojado en la c\u00e1rcel psiqui\u00e1trica Melchor Romero.<\/p>\n\n\n\n<p>Resta una nueva pericia psicol\u00f3gica a confirmar la fecha. Recordemos que se encontr\u00f3 en la escena del crimen pisadas ensangrentadas, las cuales fueron comparadas con el pie de Tissi y es coincidente. Quedaron adem\u00e1s las zapatillas al lado del cuerpo.<\/p>\n\n\n\n<p>Como as\u00ed tambi\u00e9n se hall\u00f3 en el lugar una tarjeta SUBE de la hermana del imputado, entre otros elementos de pruebas que presentar\u00e1 la fiscal\u00eda en el futuro juicio<\/p>\n\n\n\n<p>Fuente: <a href=\"http:\/\/www.diarioelinformante.com.ar\/nota-60972_caso-donato-fue-realizada-la-pericia-de-cotejo-de-adn-del-detenido-sergio-tissi\">Diario El Informante<\/a><\/p>\n","protected":false},"excerpt":{"rendered":"<p>En las primeras horas de este martes, se realiz\u00f3 una nueva pericia en la causa que investiga el macabro asesinato de Carlos Donato el 15 de Octubre de 2020, en la finca ubicada sobre la Ruta 9 Km 233. La investigaci\u00f3n la realiza la Fiscal\u00eda del Dr Tan\u00fas con Instrucci\u00f3n del Dr. Fernando Ocariz. Los [&hellip;]<\/p>\n","protected":false},"author":4,"featured_media":89325,"comment_status":"open","ping_status":"closed","sticky":false,"template":"","format":"standard","meta":{"om_disable_all_campaigns":false,"_jetpack_memberships_contains_paid_content":false,"footnotes":""},"categories":[621],"tags":[],"class_list":["post-89324","post","type-post","status-publish","format-standard","has-post-thumbnail","hentry","category-regionales"],"aioseo_notices":[],"gutentor_comment":0,"jetpack_featured_media_url":"https:\/\/eldiariodesanpedro.com.ar\/sitio\/wp-content\/uploads\/2021\/03\/no_t3t6k37bpx63brtDONATO.jpg","jetpack_shortlink":"https:\/\/wp.me\/p6RhLt-neI","jetpack_sharing_enabled":true,"_links":{"self":[{"href":"https:\/\/eldiariodesanpedro.com.ar\/sitio\/wp-json\/wp\/v2\/posts\/89324","targetHints":{"allow":["GET"]}}],"collection":[{"href":"https:\/\/eldiariodesanpedro.com.ar\/sitio\/wp-json\/wp\/v2\/posts"}],"about":[{"href":"https:\/\/eldiariodesanpedro.com.ar\/sitio\/wp-json\/wp\/v2\/types\/post"}],"author":[{"embeddable":true,"href":"https:\/\/eldiariodesanpedro.com.ar\/sitio\/wp-json\/wp\/v2\/users\/4"}],"replies":[{"embeddable":true,"href":"https:\/\/eldiariodesanpedro.com.ar\/sitio\/wp-json\/wp\/v2\/comments?post=89324"}],"version-history":[{"count":1,"href":"https:\/\/eldiariodesanpedro.com.ar\/sitio\/wp-json\/wp\/v2\/posts\/89324\/revisions"}],"predecessor-version":[{"id":89326,"href":"https:\/\/eldiariodesanpedro.com.ar\/sitio\/wp-json\/wp\/v2\/posts\/89324\/revisions\/89326"}],"wp:featuredmedia":[{"embeddable":true,"href":"https:\/\/eldiariodesanpedro.com.ar\/sitio\/wp-json\/wp\/v2\/media\/89325"}],"wp:attachment":[{"href":"https:\/\/eldiariodesanpedro.com.ar\/sitio\/wp-json\/wp\/v2\/media?parent=89324"}],"wp:term":[{"taxonomy":"category","embeddable":true,"href":"https:\/\/eldiariodesanpedro.com.ar\/sitio\/wp-json\/wp\/v2\/categories?post=89324"},{"taxonomy":"post_tag","embeddable":true,"href":"https:\/\/eldiariodesanpedro.com.ar\/sitio\/wp-json\/wp\/v2\/tags?post=89324"}],"curies":[{"name":"wp","href":"https:\/\/api.w.org\/{rel}","templated":true}]}}