{"id":89321,"date":"2021-03-17T11:28:07","date_gmt":"2021-03-17T14:28:07","guid":{"rendered":"https:\/\/eldiariodesanpedro.com.ar\/sitio\/?p=89321"},"modified":"2021-03-17T11:28:13","modified_gmt":"2021-03-17T14:28:13","slug":"campana-violento-choque-entre-dos-camiones","status":"publish","type":"post","link":"https:\/\/eldiariodesanpedro.com.ar\/sitio\/campana-violento-choque-entre-dos-camiones\/","title":{"rendered":"CAMPANA | Violento choque entre dos camiones"},"content":{"rendered":"<!-- VideographyWP Plugin Message: Automatic video embedding prevented by plugin options. -->\n\n<p>Ocurri\u00f3 est\u00e1 ma\u00f1ana en la Panamericana, a la altura del kil\u00f3metro 72 mano a Rosario. Un transporte de pescado impact\u00f3 contra la parte trasera de un cami\u00f3n del circo Rodas. Tr\u00e1nsito interrumpido inicialmente. El conductor del transporte de alimentos debi\u00f3 ser trasladado por varias lesiones. CP y personal de autopista presentes en el lugar.<\/p>\n\n\n\n<p>El reloj marcaba aproximadamente las 7 de la ma\u00f1ana en la jornada de hoy cuando sobre la Autopista Panamericana, a la altura del kil\u00f3metro 72 mano a Provincia se produce una fuerte colisi\u00f3n entre dos camiones, trat\u00e1ndose particularmente de un veh\u00edculo de transporte de productos alimenticios marca Grangy&#8217;s, que al parecer impact\u00f3 con la parte trasera de un m\u00f3vil de la compa\u00f1\u00eda circense Rodas.<\/p>\n\n\n\n<p>Como consecuencia del choque el tr\u00e1nsito sobre esa mano de la autov\u00eda se vio completamente interrumpido, al menos hasta la llegada de varios m\u00f3viles de emergencia que comenzaron la ejecuci\u00f3n de un operativo en busca de normalizar la situaci\u00f3n.<\/p>\n\n\n\n<p>Entre los mismos se encontraban unidades de Bomberos Voluntarios, veh\u00edculos de Comando Patrulla local, personal de la empresa Autopistas del Sol (que posee la concesi\u00f3n) e incluso miembros de Seguridad Vial provenientes de la vecina ciudad de Z\u00e1rate.<\/p>\n\n\n\n<p>Por su parte Bomberos ayud\u00f3 al conductor del cami\u00f3n de alimentos congelados a salir de su cabina, la cual hab\u00eda quedado completamente destruida producto del choque. Una vez fuera, pudieron comprobar la existencia de varias lesiones de consideraci\u00f3n sobre todo en sus piernas, que le valieron un traslado al Hospital Municipal San Jos\u00e9, de modo que pueda recibir la atenci\u00f3n m\u00e9dica correspondiente.<\/p>\n\n\n\n<p>El tr\u00e1nsito se vio reducido por un tiempo considerable a tan s\u00f3lo un carril, creando una larga cola de veh\u00edculos mientras se realizaba el operativo que permita normalizar la circulaci\u00f3n en el lugar.<\/p>\n\n\n\n<p>Fuente: <a href=\"https:\/\/www.campananoticias.com\/noticia\/66455\/violento-choque-entre-dos-camiones\">Campana Noticias<\/a><\/p>\n","protected":false},"excerpt":{"rendered":"<p>Ocurri\u00f3 est\u00e1 ma\u00f1ana en la Panamericana, a la altura del kil\u00f3metro 72 mano a Rosario. Un transporte de pescado impact\u00f3 contra la parte trasera de un cami\u00f3n del circo Rodas. Tr\u00e1nsito interrumpido inicialmente. El conductor del transporte de alimentos debi\u00f3 ser trasladado por varias lesiones. CP y personal de autopista presentes en el lugar. El [&hellip;]<\/p>\n","protected":false},"author":4,"featured_media":89322,"comment_status":"open","ping_status":"closed","sticky":false,"template":"","format":"standard","meta":{"om_disable_all_campaigns":false,"_jetpack_memberships_contains_paid_content":false,"footnotes":""},"categories":[621],"tags":[],"class_list":["post-89321","post","type-post","status-publish","format-standard","has-post-thumbnail","hentry","category-regionales"],"aioseo_notices":[],"gutentor_comment":0,"jetpack_featured_media_url":"https:\/\/eldiariodesanpedro.com.ar\/sitio\/wp-content\/uploads\/2021\/03\/20210317095203.jpg","jetpack_shortlink":"https:\/\/wp.me\/p6RhLt-neF","jetpack_sharing_enabled":true,"_links":{"self":[{"href":"https:\/\/eldiariodesanpedro.com.ar\/sitio\/wp-json\/wp\/v2\/posts\/89321","targetHints":{"allow":["GET"]}}],"collection":[{"href":"https:\/\/eldiariodesanpedro.com.ar\/sitio\/wp-json\/wp\/v2\/posts"}],"about":[{"href":"https:\/\/eldiariodesanpedro.com.ar\/sitio\/wp-json\/wp\/v2\/types\/post"}],"author":[{"embeddable":true,"href":"https:\/\/eldiariodesanpedro.com.ar\/sitio\/wp-json\/wp\/v2\/users\/4"}],"replies":[{"embeddable":true,"href":"https:\/\/eldiariodesanpedro.com.ar\/sitio\/wp-json\/wp\/v2\/comments?post=89321"}],"version-history":[{"count":1,"href":"https:\/\/eldiariodesanpedro.com.ar\/sitio\/wp-json\/wp\/v2\/posts\/89321\/revisions"}],"predecessor-version":[{"id":89323,"href":"https:\/\/eldiariodesanpedro.com.ar\/sitio\/wp-json\/wp\/v2\/posts\/89321\/revisions\/89323"}],"wp:featuredmedia":[{"embeddable":true,"href":"https:\/\/eldiariodesanpedro.com.ar\/sitio\/wp-json\/wp\/v2\/media\/89322"}],"wp:attachment":[{"href":"https:\/\/eldiariodesanpedro.com.ar\/sitio\/wp-json\/wp\/v2\/media?parent=89321"}],"wp:term":[{"taxonomy":"category","embeddable":true,"href":"https:\/\/eldiariodesanpedro.com.ar\/sitio\/wp-json\/wp\/v2\/categories?post=89321"},{"taxonomy":"post_tag","embeddable":true,"href":"https:\/\/eldiariodesanpedro.com.ar\/sitio\/wp-json\/wp\/v2\/tags?post=89321"}],"curies":[{"name":"wp","href":"https:\/\/api.w.org\/{rel}","templated":true}]}}