{"id":8932,"date":"2016-10-18T18:17:51","date_gmt":"2016-10-18T21:17:51","guid":{"rendered":"https:\/\/eldiariodesanpedro.com.ar\/sitio\/?p=8932"},"modified":"2016-10-18T18:17:51","modified_gmt":"2016-10-18T21:17:51","slug":"se-realizara-el-paro-nacional-de-mujeres-vivasnosqueremos","status":"publish","type":"post","link":"https:\/\/eldiariodesanpedro.com.ar\/sitio\/se-realizara-el-paro-nacional-de-mujeres-vivasnosqueremos\/","title":{"rendered":"Se realizar\u00e1 el paro nacional de Mujeres #VivasNosQueremos"},"content":{"rendered":"<p><!-- VideographyWP Plugin Message: Automatic video embedding prevented by plugin options. --><br \/>\nEl crimen de Luc\u00eda P\u00e9rez, la chica de 16 a\u00f1os violada por dos hombres en Mar del Plata volvi\u00f3 a sacudir a todos. En una marcha para pedir Justicia, su pap\u00e1 dijo que este caso, deber\u00eda \u00abser una bisagra\u00bb. Para muchos lo fue. El colectivo Ni Una Menos y otras 50 organizaciones que luchan por los derechos humanos y de la mujer convocan a una huelga y marcha de mujeres de negro para decir \u00abbasta de violencia machista\u00bb.<br \/>\nEn ese sentodo, \u00abLibres de Miedo\u00bb mediante un comunicado dio a conocer que se \u00abadhiere, acompa\u00f1a, reivindica y convoca este mi\u00e9rcoles 19 a manifestarse para decirle basta a los femicidios. Bajo el grito #VivasNosQueremos, millones de mujeres de Argentina pedimos por lo m\u00e1s elemental: el derecho a la vida. \u00a1Basta de matarnos!\u00bb.<br \/>\nY en el comunicado agregan: \u00abLevantamos las voces para que el reclamo se haga efectivo y real y deje de ser utilizado banalmente por los distintos actores sociales que son c\u00f3mplices y mentores de la cosificaci\u00f3n de las mujeres, incluyendo a funcionarios y legisladores en quienes radica y radic\u00f3 la responsabilidad principal de resolver los problemas de las mujeres. Exigimos hoy, aqu\u00ed y ahora a este gobierno como lo venimos exigiendo hace muchos a\u00f1os, la declaraci\u00f3n de la emergencia nacional\u00bb.<br \/>\n\u00abPor Luc\u00eda, \u00c1ngeles, Melina, Diana, Daiana, Teresa, Agustina, Erica, Lola, Sandra, Chiara, Marita, Mar\u00eda, Noelia, Wanda, por las miles y miles de mujeres asesinadas en la Argentina. Por todas. Las esperamos este mi\u00e9rcoles a las 19.00 en la Peatonal de San Pedro\u00bb, finalizaron.<br \/>\nEl asesinato de Luc\u00eda ocurri\u00f3 entre el s\u00e1bado 8 y el domingo 9, en Mar del Plata, mientras en Rosario se celebraba el 31\u00ba Encuentro Nacional de Mujeres, que convoc\u00f3 a 70 mil personas en defensa de la igualdad de g\u00e9nero y contra la violencia. El caso, dram\u00e1tico por sus caracter\u00edsticas (Luc\u00eda fue drogada, violada, torturada y asesinada), tuvo fuerte repercusi\u00f3n y se transform\u00f3 en un disparador de esta movilizaci\u00f3n, que interpela al Gobierno y a la Justicia, pero tambi\u00e9n a la sociedad.<\/p>\n","protected":false},"excerpt":{"rendered":"<p>El crimen de Luc\u00eda P\u00e9rez, la chica de 16 a\u00f1os violada por dos hombres en Mar del Plata volvi\u00f3 a sacudir a todos. En una marcha para pedir Justicia, su pap\u00e1 dijo que este caso, deber\u00eda \u00abser una bisagra\u00bb. Para muchos lo fue. El colectivo Ni Una Menos y otras 50 organizaciones que luchan por [&hellip;]<\/p>\n","protected":false},"author":4,"featured_media":8933,"comment_status":"open","ping_status":"closed","sticky":false,"template":"","format":"standard","meta":{"om_disable_all_campaigns":false,"_jetpack_memberships_contains_paid_content":false,"footnotes":""},"categories":[50,101,2],"tags":[],"class_list":["post-8932","post","type-post","status-publish","format-standard","has-post-thumbnail","hentry","category-destacadas","category-interes-general-locales","category-locales"],"aioseo_notices":[],"gutentor_comment":0,"jetpack_featured_media_url":"https:\/\/eldiariodesanpedro.com.ar\/sitio\/wp-content\/uploads\/2016\/10\/Mujeres-Manos-680x365.jpg","jetpack_shortlink":"https:\/\/wp.me\/p6RhLt-2k4","jetpack_sharing_enabled":true,"_links":{"self":[{"href":"https:\/\/eldiariodesanpedro.com.ar\/sitio\/wp-json\/wp\/v2\/posts\/8932","targetHints":{"allow":["GET"]}}],"collection":[{"href":"https:\/\/eldiariodesanpedro.com.ar\/sitio\/wp-json\/wp\/v2\/posts"}],"about":[{"href":"https:\/\/eldiariodesanpedro.com.ar\/sitio\/wp-json\/wp\/v2\/types\/post"}],"author":[{"embeddable":true,"href":"https:\/\/eldiariodesanpedro.com.ar\/sitio\/wp-json\/wp\/v2\/users\/4"}],"replies":[{"embeddable":true,"href":"https:\/\/eldiariodesanpedro.com.ar\/sitio\/wp-json\/wp\/v2\/comments?post=8932"}],"version-history":[{"count":1,"href":"https:\/\/eldiariodesanpedro.com.ar\/sitio\/wp-json\/wp\/v2\/posts\/8932\/revisions"}],"predecessor-version":[{"id":8934,"href":"https:\/\/eldiariodesanpedro.com.ar\/sitio\/wp-json\/wp\/v2\/posts\/8932\/revisions\/8934"}],"wp:featuredmedia":[{"embeddable":true,"href":"https:\/\/eldiariodesanpedro.com.ar\/sitio\/wp-json\/wp\/v2\/media\/8933"}],"wp:attachment":[{"href":"https:\/\/eldiariodesanpedro.com.ar\/sitio\/wp-json\/wp\/v2\/media?parent=8932"}],"wp:term":[{"taxonomy":"category","embeddable":true,"href":"https:\/\/eldiariodesanpedro.com.ar\/sitio\/wp-json\/wp\/v2\/categories?post=8932"},{"taxonomy":"post_tag","embeddable":true,"href":"https:\/\/eldiariodesanpedro.com.ar\/sitio\/wp-json\/wp\/v2\/tags?post=8932"}],"curies":[{"name":"wp","href":"https:\/\/api.w.org\/{rel}","templated":true}]}}