{"id":89318,"date":"2021-03-17T11:18:18","date_gmt":"2021-03-17T14:18:18","guid":{"rendered":"https:\/\/eldiariodesanpedro.com.ar\/sitio\/?p=89318"},"modified":"2021-03-17T11:18:22","modified_gmt":"2021-03-17T14:18:22","slug":"campana-detuvieron-a-un-sujeto-por-el-robo-de-una-tapa-de-asado-de-un-supermercado","status":"publish","type":"post","link":"https:\/\/eldiariodesanpedro.com.ar\/sitio\/campana-detuvieron-a-un-sujeto-por-el-robo-de-una-tapa-de-asado-de-un-supermercado\/","title":{"rendered":"CAMPANA | Detuvieron a un sujeto por el robo de una tapa de asado de un supermercado"},"content":{"rendered":"<!-- VideographyWP Plugin Message: Automatic video embedding prevented by plugin options. -->\n\n<p><strong>El sujeto fue aprehendido en la vereda del supermercado COTO de Campana por personal del Comando Patrulla.<\/strong><\/p>\n\n\n\n<p>Una tapa de asado y varias latas de at\u00fan fue el bot\u00edn de un hombre de mediana edad que fue aprehendido el s\u00e1bado por personal del Comando Patrulla en la vereda del supermercado COTO de Estrada y Rawson.<\/p>\n\n\n\n<p>La causa fue caratulada como Hurto y se le dio intervenci\u00f3n a la Unidad Fiscal de Investigaci\u00f3n y Juicio 2 con asiento en nuestra ciudad.<\/p>\n\n\n\n<p>Fuente: La aut\u00e9ntica defensa<\/p>\n","protected":false},"excerpt":{"rendered":"<p>El sujeto fue aprehendido en la vereda del supermercado COTO de Campana por personal del Comando Patrulla. Una tapa de asado y varias latas de at\u00fan fue el bot\u00edn de un hombre de mediana edad que fue aprehendido el s\u00e1bado por personal del Comando Patrulla en la vereda del supermercado COTO de Estrada y Rawson. [&hellip;]<\/p>\n","protected":false},"author":4,"featured_media":89319,"comment_status":"open","ping_status":"closed","sticky":false,"template":"","format":"standard","meta":{"om_disable_all_campaigns":false,"_jetpack_memberships_contains_paid_content":false,"footnotes":""},"categories":[621],"tags":[],"class_list":["post-89318","post","type-post","status-publish","format-standard","has-post-thumbnail","hentry","category-regionales"],"aioseo_notices":[],"gutentor_comment":0,"jetpack_featured_media_url":"https:\/\/eldiariodesanpedro.com.ar\/sitio\/wp-content\/uploads\/2021\/03\/hospital-campana-patrullero.jpg","jetpack_shortlink":"https:\/\/wp.me\/p6RhLt-neC","jetpack_sharing_enabled":true,"_links":{"self":[{"href":"https:\/\/eldiariodesanpedro.com.ar\/sitio\/wp-json\/wp\/v2\/posts\/89318","targetHints":{"allow":["GET"]}}],"collection":[{"href":"https:\/\/eldiariodesanpedro.com.ar\/sitio\/wp-json\/wp\/v2\/posts"}],"about":[{"href":"https:\/\/eldiariodesanpedro.com.ar\/sitio\/wp-json\/wp\/v2\/types\/post"}],"author":[{"embeddable":true,"href":"https:\/\/eldiariodesanpedro.com.ar\/sitio\/wp-json\/wp\/v2\/users\/4"}],"replies":[{"embeddable":true,"href":"https:\/\/eldiariodesanpedro.com.ar\/sitio\/wp-json\/wp\/v2\/comments?post=89318"}],"version-history":[{"count":1,"href":"https:\/\/eldiariodesanpedro.com.ar\/sitio\/wp-json\/wp\/v2\/posts\/89318\/revisions"}],"predecessor-version":[{"id":89320,"href":"https:\/\/eldiariodesanpedro.com.ar\/sitio\/wp-json\/wp\/v2\/posts\/89318\/revisions\/89320"}],"wp:featuredmedia":[{"embeddable":true,"href":"https:\/\/eldiariodesanpedro.com.ar\/sitio\/wp-json\/wp\/v2\/media\/89319"}],"wp:attachment":[{"href":"https:\/\/eldiariodesanpedro.com.ar\/sitio\/wp-json\/wp\/v2\/media?parent=89318"}],"wp:term":[{"taxonomy":"category","embeddable":true,"href":"https:\/\/eldiariodesanpedro.com.ar\/sitio\/wp-json\/wp\/v2\/categories?post=89318"},{"taxonomy":"post_tag","embeddable":true,"href":"https:\/\/eldiariodesanpedro.com.ar\/sitio\/wp-json\/wp\/v2\/tags?post=89318"}],"curies":[{"name":"wp","href":"https:\/\/api.w.org\/{rel}","templated":true}]}}