{"id":89315,"date":"2021-03-17T11:15:50","date_gmt":"2021-03-17T14:15:50","guid":{"rendered":"https:\/\/eldiariodesanpedro.com.ar\/sitio\/?p=89315"},"modified":"2021-03-17T11:15:56","modified_gmt":"2021-03-17T14:15:56","slug":"presentan-un-proyecto-para-que-los-policias-bonaerenses-no-paguen-patentes","status":"publish","type":"post","link":"https:\/\/eldiariodesanpedro.com.ar\/sitio\/presentan-un-proyecto-para-que-los-policias-bonaerenses-no-paguen-patentes\/","title":{"rendered":"Presentan un proyecto para que los polic\u00edas bonaerenses no paguen patentes"},"content":{"rendered":"<!-- VideographyWP Plugin Message: Automatic video embedding prevented by plugin options. -->\n\n<p>Un proyecto de ley presentado por Juntos por el Cambio exige del pago de patentes a los efectivos de la Polic\u00eda de la Provincia de Buenos Aires durante todo este a\u00f1o, siempre que sus veh\u00edculos &nbsp;tengan un valor inferior a los $1.538.400.<\/p>\n\n\n\n<p>El autor de la iniciativa, Mat\u00eda Ranzini, justific\u00f3 la iniciativa al se\u00f1alar que los y las polic\u00edas \u201ctrabajan en un contexto de alta tensi\u00f3n y estr\u00e9s, y vienen haciendo un esfuerzo enorme desde que empez\u00f3 la pandemia. Es hora de aliviarlos econ\u00f3micamente\u201d.<\/p>\n\n\n\n<p>De acuerdo&nbsp; a los c\u00e1lculos aportados por el legislador, la iniciativa, que aplicar\u00eda a los efectivos de todos los escalafones con un \u00fanico veh\u00edculo a su nombre,&nbsp; \u201cles permitir\u00eda obtener un ahorro de $45.000 anuales aproximadamente\u201d.<\/p>\n\n\n\n<p>\u201cAspiramos a que el salario de los polic\u00edas se dignifique permanentemente y no dependan de este tipo de exenciones,\u00a0 que financia el resto de los contribuyentes\u201d, dijo Ranzini. <\/p>\n\n\n\n<p>Fuente: DIB<\/p>\n","protected":false},"excerpt":{"rendered":"<p>Un proyecto de ley presentado por Juntos por el Cambio exige del pago de patentes a los efectivos de la Polic\u00eda de la Provincia de Buenos Aires durante todo este a\u00f1o, siempre que sus veh\u00edculos &nbsp;tengan un valor inferior a los $1.538.400. El autor de la iniciativa, Mat\u00eda Ranzini, justific\u00f3 la iniciativa al se\u00f1alar que [&hellip;]<\/p>\n","protected":false},"author":4,"featured_media":89316,"comment_status":"open","ping_status":"closed","sticky":false,"template":"","format":"standard","meta":{"om_disable_all_campaigns":false,"_jetpack_memberships_contains_paid_content":false,"footnotes":""},"categories":[621],"tags":[],"class_list":["post-89315","post","type-post","status-publish","format-standard","has-post-thumbnail","hentry","category-regionales"],"aioseo_notices":[],"gutentor_comment":0,"jetpack_featured_media_url":"https:\/\/eldiariodesanpedro.com.ar\/sitio\/wp-content\/uploads\/2021\/03\/Policias.jpg","jetpack_shortlink":"https:\/\/wp.me\/p6RhLt-nez","jetpack_sharing_enabled":true,"_links":{"self":[{"href":"https:\/\/eldiariodesanpedro.com.ar\/sitio\/wp-json\/wp\/v2\/posts\/89315","targetHints":{"allow":["GET"]}}],"collection":[{"href":"https:\/\/eldiariodesanpedro.com.ar\/sitio\/wp-json\/wp\/v2\/posts"}],"about":[{"href":"https:\/\/eldiariodesanpedro.com.ar\/sitio\/wp-json\/wp\/v2\/types\/post"}],"author":[{"embeddable":true,"href":"https:\/\/eldiariodesanpedro.com.ar\/sitio\/wp-json\/wp\/v2\/users\/4"}],"replies":[{"embeddable":true,"href":"https:\/\/eldiariodesanpedro.com.ar\/sitio\/wp-json\/wp\/v2\/comments?post=89315"}],"version-history":[{"count":1,"href":"https:\/\/eldiariodesanpedro.com.ar\/sitio\/wp-json\/wp\/v2\/posts\/89315\/revisions"}],"predecessor-version":[{"id":89317,"href":"https:\/\/eldiariodesanpedro.com.ar\/sitio\/wp-json\/wp\/v2\/posts\/89315\/revisions\/89317"}],"wp:featuredmedia":[{"embeddable":true,"href":"https:\/\/eldiariodesanpedro.com.ar\/sitio\/wp-json\/wp\/v2\/media\/89316"}],"wp:attachment":[{"href":"https:\/\/eldiariodesanpedro.com.ar\/sitio\/wp-json\/wp\/v2\/media?parent=89315"}],"wp:term":[{"taxonomy":"category","embeddable":true,"href":"https:\/\/eldiariodesanpedro.com.ar\/sitio\/wp-json\/wp\/v2\/categories?post=89315"},{"taxonomy":"post_tag","embeddable":true,"href":"https:\/\/eldiariodesanpedro.com.ar\/sitio\/wp-json\/wp\/v2\/tags?post=89315"}],"curies":[{"name":"wp","href":"https:\/\/api.w.org\/{rel}","templated":true}]}}