{"id":89312,"date":"2021-03-17T11:12:26","date_gmt":"2021-03-17T14:12:26","guid":{"rendered":"https:\/\/eldiariodesanpedro.com.ar\/sitio\/?p=89312"},"modified":"2021-03-17T11:12:30","modified_gmt":"2021-03-17T14:12:30","slug":"elecciones-legislativas-2021-establecieron-fechas-a-pesar-de-la-pandemia","status":"publish","type":"post","link":"https:\/\/eldiariodesanpedro.com.ar\/sitio\/elecciones-legislativas-2021-establecieron-fechas-a-pesar-de-la-pandemia\/","title":{"rendered":"Elecciones legislativas 2021: establecieron fechas a pesar de la pandemia"},"content":{"rendered":"<!-- VideographyWP Plugin Message: Automatic video embedding prevented by plugin options. -->\n\n<p>La C\u00e1mara Nacional Electoral difundi\u00f3 el cronograma electoral previsto para cubrir cargos parlamentarios, en el que se estableci\u00f3 que las Primarias Abiertas Simult\u00e1neas y Obligatorias (PASO) ser\u00e1n el 8 de agosto pr\u00f3ximo, dos meses y medio antes de los comicios generales, fijados para el 24 de octubre, se inform\u00f3 oficialmente.<br><br>De acuerdo con el esquema, la campa\u00f1a electoral para las primarias se iniciar\u00e1 el 19 de junio, y finalizar\u00e1 el 6 de agosto a las ocho horas, dos d\u00edas antes de la votaci\u00f3n. A su vez, la campa\u00f1a electoral para las elecciones generales comenzar\u00e1 el 4 de setiembre y concluir\u00e1 el 22 de octubre, ambas con una duraci\u00f3n de 50 d\u00edas.<br><br>Los ciudadanos tendr\u00e1n tiempo hasta el 27 de abril para incorporar cambios con respecto a sus datos personales, como modificaciones de estado y mudanzas de domicilio, ya que en esa fecha cerrar\u00e1 el padr\u00f3n provisorio, el cual ser\u00e1 publicado el 7 de mayo.<br><br>El 21 de mayo, en tanto concluir\u00e1 el plazo para que los electores puedan efectuar reclamos sobre sus datos y solicitar la eliminaci\u00f3n de los fallecidos, y est\u00e1 prevista la publicaci\u00f3n del padr\u00f3n definitivo para el 9 de julio.<br><br>Con respecto de los partidos pol\u00edticos, el d\u00eda 9 de junio finalizar\u00e1 el plazo para solicitar reconocimiento de alianzas transitorias y confederaciones para participar en los comicios, mientras que tendr\u00e1n tiempo hasta el 14 del mismo mes para pedir la asignaci\u00f3n de colores para las boletas para las PASO y las elecciones generales<br><br>Los actos p\u00fablicos susceptibles de promover la captaci\u00f3n del sufragio quedar\u00e1n prohibidos a partir del 14 de julio (25 d\u00edas antes de las PASO), y desde el 31 de julio no se podr\u00e1n publicar y difundir encuestas y sondeos preelectorales ni realizar actos p\u00fablicos de proselitismo.<br><br>La campa\u00f1a electoral para las primarias se iniciar\u00e1 el 19 de junio<br><br>El 8 de agosto, d\u00eda en que se realizar\u00e1n las PASO, queda prohibida entre las 18 y las 21 la publicaci\u00f3n o difusi\u00f3n de encuestas y proyecciones sobre el resultado de la elecci\u00f3n, cuyo escrutinio definitivo se iniciar\u00e1 el 10 de agosto a las 18.<br><br>En tanto, superadas las PASO, a partir del 4 de septiembre podr\u00e1n realizar actos de campa\u00f1a los partidos pol\u00edticos que hayan logrado oficializar a sus candidatos hasta el 22 de octubre, fecha en que se iniciar\u00e1 la veda de 48 horas previas a los comicios generales del 24.<br><br>Seg\u00fan el cronograma difundido por la CNE, ocho d\u00edas antes de esa votaci\u00f3n, el 16 de octubre comenzar\u00e1 a regir la prohibici\u00f3n de publicar o difundir encuestas o sondeos de opini\u00f3n y pron\u00f3sticos electorales.<br><br>El 19 de setiembre comienza de la campa\u00f1a electoral en medios de comunicaci\u00f3n audiovisual; el 9 de octubre se proceder\u00e1 a la difusi\u00f3n de los lugares y mesas de votaci\u00f3n, y el d\u00eda de las elecciones generales, el 24 de octubre, estar\u00e1 prohibido entre las 18 y las 21 \u2013al igual que en las PASO&#8211; publicar o difundir encuestas y proyecciones sobre el resultado de la elecci\u00f3n.<br><br>El comienzo del escrutinio definitivo de los comicios generales est\u00e1 previsto para el 26 de octubre a las 18, mientras que el 31 de diciembre de este a\u00f1o concluir\u00e1 el plazo para justificar la no emisi\u00f3n del voto.<br><br>Fuentes de la C\u00e1mara Nacional electoral se\u00f1alaron que \u201cse avanza en la organizaci\u00f3n de los comicios porque es una obligaci\u00f3n determinada por la ley de las PASO y el C\u00f3digo Nacional, donde se fijan los plazos que hay que respetar\u201d, en forma independiente \u201cde lo que posteriormente resuelva la pol\u00edtica\u201d.<br><br>\u201cUna vez que se aprueba el calendario electoral, siempre se lo da a conocer, y as\u00ed ocurri\u00f3 en el 2017, cuando se difundi\u00f3 en febrero, y en el 2019, en se conoci\u00f3 oficialmente en marzo\u201d, comentaron luego de la acordada de los miembros de la C\u00e1mara que hoy dieron el visto bueno al cronograma.<br><br>Esto no implica, aclararon, tomar posici\u00f3n alguna respecto al debate y alternativas que se discuten en torno a una posible postergaci\u00f3n del calendario electoral o a la suspensi\u00f3n de las PASO por una \u00fanica vez, con motivo de la pandemia, un tema que sigue pendiente en el Congreso.<br><br>Precisamente, fue el propio presidente Alberto Fern\u00e1ndez quien, en declaraciones realizadas el lunes a Canal 9, se\u00f1al\u00f3 que la realizaci\u00f3n de las PASO debe \u00abresolverla\u00bb el Congreso, aunque apunt\u00f3 que \u00ablos gobernadores insisten\u00bb en suspenderlas y \u00abtienen un argumento interesante\u00bb.<br><br>Agreg\u00f3 el jefe del Estado que, en referencia a que esos comicios se efectuar\u00e1n en agosto, que \u201ces el peor mes del invierno, y que si la pandemia subsiste nos estamos exponiendo a un riesgo muy grande\u00bb.<br><br>Los otros hitos<br><br>25 de agosto: Constituci\u00f3n de las Juntas Electorales Nacionales.<br><br>27 de agosto: Fin del plazo para asignar espacios de publicidad en medios de comunicaci\u00f3n audiovisual por sorteo p\u00fablico realizado por la Direcci\u00f3n Nacional Electoral (DINE).<br><br>4 de septiembre: Fin del plazo para la registraci\u00f3n de candidatos proclamados en las PASO.<br><br>19 de septiembre: Inicio de la campa\u00f1a electoral en medios de comunicaci\u00f3n audiovisual.<br><br>24 de septiembre: Impresi\u00f3n y publicaci\u00f3n de los padrones definitivos; presentaci\u00f3n ante las Juntas Electorales Nacionales de los modelos de boletas; ratificaci\u00f3n de las autoridades de mesa designadas e inicio de la difusi\u00f3n de mensajes institucionales de formaci\u00f3n c\u00edvica y educaci\u00f3n digital sobre uso responsable y cr\u00edtico de la informaci\u00f3n electoral.<br><br>7 de octubre: Fin del plazo para justificar la no emisi\u00f3n del voto en las PASO.<br><br>9 de octubre: Difusi\u00f3n de los lugares y mesas de votaci\u00f3n.<\/p>\n","protected":false},"excerpt":{"rendered":"<p>La C\u00e1mara Nacional Electoral difundi\u00f3 el cronograma electoral previsto para cubrir cargos parlamentarios, en el que se estableci\u00f3 que las Primarias Abiertas Simult\u00e1neas y Obligatorias (PASO) ser\u00e1n el 8 de agosto pr\u00f3ximo, dos meses y medio antes de los comicios generales, fijados para el 24 de octubre, se inform\u00f3 oficialmente. De acuerdo con el esquema, [&hellip;]<\/p>\n","protected":false},"author":4,"featured_media":89313,"comment_status":"open","ping_status":"closed","sticky":false,"template":"","format":"standard","meta":{"om_disable_all_campaigns":false,"_jetpack_memberships_contains_paid_content":false,"footnotes":""},"categories":[621],"tags":[],"class_list":["post-89312","post","type-post","status-publish","format-standard","has-post-thumbnail","hentry","category-regionales"],"aioseo_notices":[],"gutentor_comment":0,"jetpack_featured_media_url":"https:\/\/eldiariodesanpedro.com.ar\/sitio\/wp-content\/uploads\/2021\/03\/no_zw49z8exrs9g6lg0001_18431550063_20210317_100156_0000.png","jetpack_shortlink":"https:\/\/wp.me\/p6RhLt-new","jetpack_sharing_enabled":true,"_links":{"self":[{"href":"https:\/\/eldiariodesanpedro.com.ar\/sitio\/wp-json\/wp\/v2\/posts\/89312","targetHints":{"allow":["GET"]}}],"collection":[{"href":"https:\/\/eldiariodesanpedro.com.ar\/sitio\/wp-json\/wp\/v2\/posts"}],"about":[{"href":"https:\/\/eldiariodesanpedro.com.ar\/sitio\/wp-json\/wp\/v2\/types\/post"}],"author":[{"embeddable":true,"href":"https:\/\/eldiariodesanpedro.com.ar\/sitio\/wp-json\/wp\/v2\/users\/4"}],"replies":[{"embeddable":true,"href":"https:\/\/eldiariodesanpedro.com.ar\/sitio\/wp-json\/wp\/v2\/comments?post=89312"}],"version-history":[{"count":1,"href":"https:\/\/eldiariodesanpedro.com.ar\/sitio\/wp-json\/wp\/v2\/posts\/89312\/revisions"}],"predecessor-version":[{"id":89314,"href":"https:\/\/eldiariodesanpedro.com.ar\/sitio\/wp-json\/wp\/v2\/posts\/89312\/revisions\/89314"}],"wp:featuredmedia":[{"embeddable":true,"href":"https:\/\/eldiariodesanpedro.com.ar\/sitio\/wp-json\/wp\/v2\/media\/89313"}],"wp:attachment":[{"href":"https:\/\/eldiariodesanpedro.com.ar\/sitio\/wp-json\/wp\/v2\/media?parent=89312"}],"wp:term":[{"taxonomy":"category","embeddable":true,"href":"https:\/\/eldiariodesanpedro.com.ar\/sitio\/wp-json\/wp\/v2\/categories?post=89312"},{"taxonomy":"post_tag","embeddable":true,"href":"https:\/\/eldiariodesanpedro.com.ar\/sitio\/wp-json\/wp\/v2\/tags?post=89312"}],"curies":[{"name":"wp","href":"https:\/\/api.w.org\/{rel}","templated":true}]}}