{"id":89307,"date":"2021-03-17T10:50:36","date_gmt":"2021-03-17T13:50:36","guid":{"rendered":"https:\/\/eldiariodesanpedro.com.ar\/sitio\/?p=89307"},"modified":"2021-03-17T10:50:41","modified_gmt":"2021-03-17T13:50:41","slug":"correccion-en-datos-de-inscripcion-en-plan-vacunate-pba","status":"publish","type":"post","link":"https:\/\/eldiariodesanpedro.com.ar\/sitio\/correccion-en-datos-de-inscripcion-en-plan-vacunate-pba\/","title":{"rendered":"Correcci\u00f3n en datos de inscripci\u00f3n en plan vac\u00fanate PBA"},"content":{"rendered":"<!-- VideographyWP Plugin Message: Automatic video embedding prevented by plugin options. -->\n\n<p>La Secretar\u00eda de Salud de la Municipalidad de San Pedro y la Coordinaci\u00f3n del Plan Vacunate PBA, informan que quienes hayan realizado su inscripci\u00f3n en el registro de voluntarios para recibir la vacuna, y tengan dudas sobre los datos cargados, pueden comunicarse para realizar la correcci\u00f3n.<\/p>\n\n\n\n<p>Esto es importante para quienes no hayan informado su actividad (docentes\/ personal de salud\/seguridad\/auxiliares etc.) o no incluyeron sus patolog\u00edas de riesgo.<\/p>\n\n\n\n<p>Tambi\u00e9n es posible modificar n\u00famero de contacto o correo electr\u00f3nico y ayudarlos a restablecer su contrase\u00f1a, si olvidaron la que cargaron inicialmente.<\/p>\n\n\n\n<p>Para facilitar la atenci\u00f3n y evitar concentraciones en sitios de inscripci\u00f3n o el vacunatorio, pueden comunicarse al whatsapp 3329 317 575 o por correo electr\u00f3nico a vacunatesanpedro@gmail.com<\/p>\n\n\n\n<p>Quienes deseen realizarlo de manera particular pueden corregirlo en portal-salud.gba.gob.ar autenticando su identidad mediante: Anses-GDdeba-Afip- Registro de las personas (en este caso se ingresa con DNI y n\u00famero de tr\u00e1mite del DNI)<\/p>\n\n\n\n<p>Esta es una nueva herramienta que proporciona el gobierno de la provincia de Buenos Aires donde los ciudadanos van a poder corroborar sus datos y actualizarlos de ser necesario.<\/p>\n","protected":false},"excerpt":{"rendered":"<p>La Secretar\u00eda de Salud de la Municipalidad de San Pedro y la Coordinaci\u00f3n del Plan Vacunate PBA, informan que quienes hayan realizado su inscripci\u00f3n en el registro de voluntarios para recibir la vacuna, y tengan dudas sobre los datos cargados, pueden comunicarse para realizar la correcci\u00f3n. Esto es importante para quienes no hayan informado su [&hellip;]<\/p>\n","protected":false},"author":4,"featured_media":89308,"comment_status":"open","ping_status":"closed","sticky":false,"template":"","format":"standard","meta":{"om_disable_all_campaigns":false,"_jetpack_memberships_contains_paid_content":false,"footnotes":""},"categories":[101,2],"tags":[],"class_list":["post-89307","post","type-post","status-publish","format-standard","has-post-thumbnail","hentry","category-interes-general-locales","category-locales"],"aioseo_notices":[],"gutentor_comment":0,"jetpack_featured_media_url":"https:\/\/eldiariodesanpedro.com.ar\/sitio\/wp-content\/uploads\/2021\/03\/descarga.jpg","jetpack_shortlink":"https:\/\/wp.me\/p6RhLt-ner","jetpack_sharing_enabled":true,"_links":{"self":[{"href":"https:\/\/eldiariodesanpedro.com.ar\/sitio\/wp-json\/wp\/v2\/posts\/89307","targetHints":{"allow":["GET"]}}],"collection":[{"href":"https:\/\/eldiariodesanpedro.com.ar\/sitio\/wp-json\/wp\/v2\/posts"}],"about":[{"href":"https:\/\/eldiariodesanpedro.com.ar\/sitio\/wp-json\/wp\/v2\/types\/post"}],"author":[{"embeddable":true,"href":"https:\/\/eldiariodesanpedro.com.ar\/sitio\/wp-json\/wp\/v2\/users\/4"}],"replies":[{"embeddable":true,"href":"https:\/\/eldiariodesanpedro.com.ar\/sitio\/wp-json\/wp\/v2\/comments?post=89307"}],"version-history":[{"count":1,"href":"https:\/\/eldiariodesanpedro.com.ar\/sitio\/wp-json\/wp\/v2\/posts\/89307\/revisions"}],"predecessor-version":[{"id":89309,"href":"https:\/\/eldiariodesanpedro.com.ar\/sitio\/wp-json\/wp\/v2\/posts\/89307\/revisions\/89309"}],"wp:featuredmedia":[{"embeddable":true,"href":"https:\/\/eldiariodesanpedro.com.ar\/sitio\/wp-json\/wp\/v2\/media\/89308"}],"wp:attachment":[{"href":"https:\/\/eldiariodesanpedro.com.ar\/sitio\/wp-json\/wp\/v2\/media?parent=89307"}],"wp:term":[{"taxonomy":"category","embeddable":true,"href":"https:\/\/eldiariodesanpedro.com.ar\/sitio\/wp-json\/wp\/v2\/categories?post=89307"},{"taxonomy":"post_tag","embeddable":true,"href":"https:\/\/eldiariodesanpedro.com.ar\/sitio\/wp-json\/wp\/v2\/tags?post=89307"}],"curies":[{"name":"wp","href":"https:\/\/api.w.org\/{rel}","templated":true}]}}