{"id":89292,"date":"2021-03-16T18:09:16","date_gmt":"2021-03-16T21:09:16","guid":{"rendered":"https:\/\/eldiariodesanpedro.com.ar\/sitio\/?p=89292"},"modified":"2021-03-16T18:09:20","modified_gmt":"2021-03-16T21:09:20","slug":"panel-de-especialistas-para-analizar-el-control-de-plantas-exoticas-invasoras-en-la-reserva-vuelta-de-obligado","status":"publish","type":"post","link":"https:\/\/eldiariodesanpedro.com.ar\/sitio\/panel-de-especialistas-para-analizar-el-control-de-plantas-exoticas-invasoras-en-la-reserva-vuelta-de-obligado\/","title":{"rendered":"Panel de especialistas para analizar el control de plantas ex\u00f3ticas invasoras en la Reserva Vuelta de Obligado"},"content":{"rendered":"<!-- VideographyWP Plugin Message: Automatic video embedding prevented by plugin options. -->\n\n<p>La Secretar\u00eda de Turismo de la Municipalidad de San Pedro y el INTA San Pedro coordinaron en la ma\u00f1ana del martes una reuni\u00f3n virtual con la participaci\u00f3n de expertos de diferentes puntos del pa\u00eds para analizar el avance de plantas ex\u00f3ticas en la Reserva de Vuelta de Obligado.<\/p>\n\n\n\n<p>Dentro de las diversas acciones planteadas a trav\u00e9s de la Municipalidad en los \u00faltimos meses, con una nueva puesta en valor de esa estrat\u00e9gica regi\u00f3n del Partido de San Pedro, se vienen elevando y respondiendo inquietudes vinculadas con la vigencia de la ordenanza que cre\u00f3 en el 2003, la \u00abReserva natural, hist\u00f3rica y refugio de vida silvestre municipal\u00bb.<\/p>\n\n\n\n<p>Por primera vez desde entonces, este espacio cuenta con un Guardaparques que viene realizando un diagn\u00f3stico para efectuar intervenciones para la conservaci\u00f3n del espacio y el equipo de la Secretar\u00eda ha venido desplegando tareas para que el inter\u00e9s por la playa y el monumento de sitio hist\u00f3rico que atraen a miles de turistas se complementen de manera arm\u00f3nica.<\/p>\n\n\n\n<p>La reuni\u00f3n cont\u00f3 un amplio panel de participantes entre quienes estuvieron adem\u00e1s del equipo de la Secretar\u00eda de Turismo incluyendo a su titular Marcela Cu\u00f1er, el guardaparques Aldo La Micela y el delegado de Vuelta de Obligado Hugo Borda. Convocados por el \u00e1rea forestal del INTA Z\u00e1rate\u00bb cambiar por \u00bb Convocados por Rosana Gutierrez, ingeniera forestal del INTA Z\u00e1rate, expusieron miembros de diferentes equipos del organismo, profesionales del sector p\u00fablico y privado, proteccionistas, docentes, y representantes de espacios con gran experiencia en el tema como el Jard\u00edn Bot\u00e1nico, el Parque Nacional El Palmar de Entre R\u00edos y la ex Reserva Otamendi.<\/p>\n\n\n\n<p>El objetivo es establecer un plan de acci\u00f3n para controlar la reproducci\u00f3n descontrolada de especies no nativas que se reproducen con gran facilidad y amenazan el h\u00e1bitat natural.<\/p>\n\n\n\n<p>En la charla se rescat\u00f3 la necesidad de hacer un abordaje que integre el paisaje y los focos de plantas ex\u00f3ticas (no s\u00f3lo en la reserva, sino en los entornos), as\u00ed como la necesidad de sumar voluntarios que aporten al cuidado conservacionista.<\/p>\n\n\n\n<p>Tambi\u00e9n, llevar acciones adelante, incluyendo en la corresponsabilidad a los vecinos de Vuelta de Obligado y todos los visitantes de la misma. Entre las alternativas que podr\u00edan desprenderse de una estrategia integral, se cuenta con la posibilidad del armado de un vivero de nativas y la producci\u00f3n de hongos comestibles sobre los restos de poda de las invasoras, cuya evidencia cient\u00edfica ha dado cuenta de c\u00f3mo en el tiempo terminan eliminando los restos de estas ex\u00f3ticas.<\/p>\n\n\n\n<p>Desde la Secretar\u00eda de Turismo se agradece especialmente a todos los participantes con el objetivo de seguir intercambiando experiencias y propuestas para cumplir con los objetivos establecidos.<\/p>\n\n\n\n<figure class=\"wp-block-image size-large\"><img decoding=\"async\" width=\"1024\" height=\"589\" data-attachment-id=\"89293\" data-permalink=\"https:\/\/eldiariodesanpedro.com.ar\/sitio\/panel-de-especialistas-para-analizar-el-control-de-plantas-exoticas-invasoras-en-la-reserva-vuelta-de-obligado\/whatsapp-image-2021-03-16-at-17-57-23\/\" data-orig-file=\"https:\/\/eldiariodesanpedro.com.ar\/sitio\/wp-content\/uploads\/2021\/03\/WhatsApp-Image-2021-03-16-at-17.57.23.jpeg\" data-orig-size=\"1280,736\" data-comments-opened=\"1\" data-image-meta=\"{&quot;aperture&quot;:&quot;0&quot;,&quot;credit&quot;:&quot;&quot;,&quot;camera&quot;:&quot;&quot;,&quot;caption&quot;:&quot;&quot;,&quot;created_timestamp&quot;:&quot;0&quot;,&quot;copyright&quot;:&quot;&quot;,&quot;focal_length&quot;:&quot;0&quot;,&quot;iso&quot;:&quot;0&quot;,&quot;shutter_speed&quot;:&quot;0&quot;,&quot;title&quot;:&quot;&quot;,&quot;orientation&quot;:&quot;0&quot;}\" data-image-title=\"WhatsApp Image 2021-03-16 at 17.57.23\" data-image-description=\"\" data-image-caption=\"\" data-large-file=\"https:\/\/eldiariodesanpedro.com.ar\/sitio\/wp-content\/uploads\/2021\/03\/WhatsApp-Image-2021-03-16-at-17.57.23-1024x589.jpeg\" data-src=\"https:\/\/eldiariodesanpedro.com.ar\/sitio\/wp-content\/uploads\/2021\/03\/WhatsApp-Image-2021-03-16-at-17.57.23-1024x589.jpeg\" alt=\"\" class=\"wp-image-89293 lazyload\" data-srcset=\"https:\/\/eldiariodesanpedro.com.ar\/sitio\/wp-content\/uploads\/2021\/03\/WhatsApp-Image-2021-03-16-at-17.57.23-1024x589.jpeg 1024w, https:\/\/eldiariodesanpedro.com.ar\/sitio\/wp-content\/uploads\/2021\/03\/WhatsApp-Image-2021-03-16-at-17.57.23-300x173.jpeg 300w, https:\/\/eldiariodesanpedro.com.ar\/sitio\/wp-content\/uploads\/2021\/03\/WhatsApp-Image-2021-03-16-at-17.57.23-768x442.jpeg 768w, https:\/\/eldiariodesanpedro.com.ar\/sitio\/wp-content\/uploads\/2021\/03\/WhatsApp-Image-2021-03-16-at-17.57.23.jpeg 1280w\" data-sizes=\"(max-width: 1024px) 100vw, 1024px\" src=\"data:image\/svg+xml;base64,PHN2ZyB3aWR0aD0iMSIgaGVpZ2h0PSIxIiB4bWxucz0iaHR0cDovL3d3dy53My5vcmcvMjAwMC9zdmciPjwvc3ZnPg==\" style=\"--smush-placeholder-width: 1024px; --smush-placeholder-aspect-ratio: 1024\/589;\" \/><\/figure>\n","protected":false},"excerpt":{"rendered":"<p>La Secretar\u00eda de Turismo de la Municipalidad de San Pedro y el INTA San Pedro coordinaron en la ma\u00f1ana del martes una reuni\u00f3n virtual con la participaci\u00f3n de expertos de diferentes puntos del pa\u00eds para analizar el avance de plantas ex\u00f3ticas en la Reserva de Vuelta de Obligado. Dentro de las diversas acciones planteadas a [&hellip;]<\/p>\n","protected":false},"author":4,"featured_media":89294,"comment_status":"open","ping_status":"closed","sticky":false,"template":"","format":"standard","meta":{"om_disable_all_campaigns":false,"_jetpack_memberships_contains_paid_content":false,"footnotes":""},"categories":[50,101,2],"tags":[],"class_list":["post-89292","post","type-post","status-publish","format-standard","has-post-thumbnail","hentry","category-destacadas","category-interes-general-locales","category-locales"],"aioseo_notices":[],"gutentor_comment":0,"jetpack_featured_media_url":"https:\/\/eldiariodesanpedro.com.ar\/sitio\/wp-content\/uploads\/2021\/03\/WhatsApp-Image-2021-03-16-at-17.57.26.jpeg","jetpack_shortlink":"https:\/\/wp.me\/p6RhLt-nec","jetpack_sharing_enabled":true,"_links":{"self":[{"href":"https:\/\/eldiariodesanpedro.com.ar\/sitio\/wp-json\/wp\/v2\/posts\/89292","targetHints":{"allow":["GET"]}}],"collection":[{"href":"https:\/\/eldiariodesanpedro.com.ar\/sitio\/wp-json\/wp\/v2\/posts"}],"about":[{"href":"https:\/\/eldiariodesanpedro.com.ar\/sitio\/wp-json\/wp\/v2\/types\/post"}],"author":[{"embeddable":true,"href":"https:\/\/eldiariodesanpedro.com.ar\/sitio\/wp-json\/wp\/v2\/users\/4"}],"replies":[{"embeddable":true,"href":"https:\/\/eldiariodesanpedro.com.ar\/sitio\/wp-json\/wp\/v2\/comments?post=89292"}],"version-history":[{"count":1,"href":"https:\/\/eldiariodesanpedro.com.ar\/sitio\/wp-json\/wp\/v2\/posts\/89292\/revisions"}],"predecessor-version":[{"id":89295,"href":"https:\/\/eldiariodesanpedro.com.ar\/sitio\/wp-json\/wp\/v2\/posts\/89292\/revisions\/89295"}],"wp:featuredmedia":[{"embeddable":true,"href":"https:\/\/eldiariodesanpedro.com.ar\/sitio\/wp-json\/wp\/v2\/media\/89294"}],"wp:attachment":[{"href":"https:\/\/eldiariodesanpedro.com.ar\/sitio\/wp-json\/wp\/v2\/media?parent=89292"}],"wp:term":[{"taxonomy":"category","embeddable":true,"href":"https:\/\/eldiariodesanpedro.com.ar\/sitio\/wp-json\/wp\/v2\/categories?post=89292"},{"taxonomy":"post_tag","embeddable":true,"href":"https:\/\/eldiariodesanpedro.com.ar\/sitio\/wp-json\/wp\/v2\/tags?post=89292"}],"curies":[{"name":"wp","href":"https:\/\/api.w.org\/{rel}","templated":true}]}}