{"id":8929,"date":"2016-10-18T18:14:01","date_gmt":"2016-10-18T21:14:01","guid":{"rendered":"https:\/\/eldiariodesanpedro.com.ar\/sitio\/?p=8929"},"modified":"2016-10-18T18:14:01","modified_gmt":"2016-10-18T21:14:01","slug":"militantes-conmemoraron-el-dia-de-la-lealtad-peronista","status":"publish","type":"post","link":"https:\/\/eldiariodesanpedro.com.ar\/sitio\/militantes-conmemoraron-el-dia-de-la-lealtad-peronista\/","title":{"rendered":"Militantes conmemoraron el D\u00eda de la Lealtad Peronista"},"content":{"rendered":"<p><!-- VideographyWP Plugin Message: Automatic video embedding prevented by plugin options. --><br \/>\nParte del peronismo local celebr\u00f3 este 17 de octubre, un nuevo D\u00eda de la Lealtad con un acto en el busto localizado en Sarmiento y Per\u00f3n.<br \/>\nEl mismo fue organizado por el sector que conduce Daniel Monfasani. Estuvo presente la concejal M\u00f3nica Otero, tambi\u00e9n particip\u00f3 el ex secretario de econom\u00eda Roberto Borgo y ex ediles como Sandra Mari.<br \/>\nNelson Vlaeminck asever\u00f3: \u201cNo hay dudas que \u00e9l nuestro, es un movimiento grande, con propuestas para todos. Sin dejar de lado principalmente a los trabajadores, luchar por los mismo empresarios y por todos aquellos que se encuadren dentro del proyecto peronista\u201d.<br \/>\nLuego agreg\u00f3: \u201cDebemos recomponer todo esto, corregir errores, seguir adelante y que hay muchos 17 de Octubre m\u00e1s que pueda estar ac\u00e1 pero por ahora estoy satisfecho de haber hecho el busto con Daniel (Monfasani). Fue mi \u00faltima cucharada de mezcla de tir\u00e9 en mi vida\u201d.<br \/>\nPor su parte el diputado Daniel Monfasani, dijo: \u201cEl mejor homenaje a Per\u00f3n es tratar de imitarlo aunque sea con un granito arena. Que lo que uno hace, siempre tratando de colaborar aunque sea con ayudas individuales pero sinti\u00e9ndose bien del alma\u201d.<br \/>\nEn tanto que manifest\u00f3: \u201cEstar al lado de esta imagen donde fue el creador de los derechos a la ni\u00f1ez, a la vejez, al trabajo, donde dignific\u00f3 al trabajador, de las vacaciones\u201d.<br \/>\nSeguidamente manifest\u00f3: \u201cUno se va haciendo grande, uno tiene un compromiso con la historia, como lo tuvo Nelson en su momento, que puede ser un eslab\u00f3n importante para la uni\u00f3n del peronismo\u201d, \u201cpara salir de esta crisis profunda que tiene el pa\u00eds, heredada y actual\u201d.<\/p>\n","protected":false},"excerpt":{"rendered":"<p>Parte del peronismo local celebr\u00f3 este 17 de octubre, un nuevo D\u00eda de la Lealtad con un acto en el busto localizado en Sarmiento y Per\u00f3n. El mismo fue organizado por el sector que conduce Daniel Monfasani. Estuvo presente la concejal M\u00f3nica Otero, tambi\u00e9n particip\u00f3 el ex secretario de econom\u00eda Roberto Borgo y ex ediles [&hellip;]<\/p>\n","protected":false},"author":4,"featured_media":8930,"comment_status":"open","ping_status":"closed","sticky":false,"template":"","format":"standard","meta":{"om_disable_all_campaigns":false,"_jetpack_memberships_contains_paid_content":false,"footnotes":""},"categories":[50,101,2],"tags":[],"class_list":["post-8929","post","type-post","status-publish","format-standard","has-post-thumbnail","hentry","category-destacadas","category-interes-general-locales","category-locales"],"aioseo_notices":[],"gutentor_comment":0,"jetpack_featured_media_url":"https:\/\/eldiariodesanpedro.com.ar\/sitio\/wp-content\/uploads\/2016\/10\/PAGINA-5-9.jpg","jetpack_shortlink":"https:\/\/wp.me\/p6RhLt-2k1","jetpack_sharing_enabled":true,"_links":{"self":[{"href":"https:\/\/eldiariodesanpedro.com.ar\/sitio\/wp-json\/wp\/v2\/posts\/8929","targetHints":{"allow":["GET"]}}],"collection":[{"href":"https:\/\/eldiariodesanpedro.com.ar\/sitio\/wp-json\/wp\/v2\/posts"}],"about":[{"href":"https:\/\/eldiariodesanpedro.com.ar\/sitio\/wp-json\/wp\/v2\/types\/post"}],"author":[{"embeddable":true,"href":"https:\/\/eldiariodesanpedro.com.ar\/sitio\/wp-json\/wp\/v2\/users\/4"}],"replies":[{"embeddable":true,"href":"https:\/\/eldiariodesanpedro.com.ar\/sitio\/wp-json\/wp\/v2\/comments?post=8929"}],"version-history":[{"count":1,"href":"https:\/\/eldiariodesanpedro.com.ar\/sitio\/wp-json\/wp\/v2\/posts\/8929\/revisions"}],"predecessor-version":[{"id":8931,"href":"https:\/\/eldiariodesanpedro.com.ar\/sitio\/wp-json\/wp\/v2\/posts\/8929\/revisions\/8931"}],"wp:featuredmedia":[{"embeddable":true,"href":"https:\/\/eldiariodesanpedro.com.ar\/sitio\/wp-json\/wp\/v2\/media\/8930"}],"wp:attachment":[{"href":"https:\/\/eldiariodesanpedro.com.ar\/sitio\/wp-json\/wp\/v2\/media?parent=8929"}],"wp:term":[{"taxonomy":"category","embeddable":true,"href":"https:\/\/eldiariodesanpedro.com.ar\/sitio\/wp-json\/wp\/v2\/categories?post=8929"},{"taxonomy":"post_tag","embeddable":true,"href":"https:\/\/eldiariodesanpedro.com.ar\/sitio\/wp-json\/wp\/v2\/tags?post=8929"}],"curies":[{"name":"wp","href":"https:\/\/api.w.org\/{rel}","templated":true}]}}