{"id":89288,"date":"2021-03-16T17:46:26","date_gmt":"2021-03-16T20:46:26","guid":{"rendered":"https:\/\/eldiariodesanpedro.com.ar\/sitio\/?p=89288"},"modified":"2021-03-16T17:49:31","modified_gmt":"2021-03-16T20:49:31","slug":"ramallo-la-policia-de-perez-millan-volvio-a-reprimir-esta-vez-no-solo-a-trabajadores-de-arrebeef-sino-tambien-a-vecinos-2","status":"publish","type":"post","link":"https:\/\/eldiariodesanpedro.com.ar\/sitio\/ramallo-la-policia-de-perez-millan-volvio-a-reprimir-esta-vez-no-solo-a-trabajadores-de-arrebeef-sino-tambien-a-vecinos-2\/","title":{"rendered":"RAMALLO | La polic\u00eda de P\u00e9rez Mill\u00e1n volvi\u00f3 a reprimir, esta vez no solo a trabajadores de Arrebeef sino tambi\u00e9n a vecinos"},"content":{"rendered":"<!-- VideographyWP Plugin Message: Automatic video embedding prevented by plugin options. -->\n\n<p>En la tarde de este martes, los vecinos de P\u00e9rez Mill\u00e1n marcharon para repudiar la represi\u00f3n que ocurri\u00f3 durante la madrugada. Pero, en el momento que pasaron frente al Destacamento Policial, volvieron a registrarse hechos violentos.<br>Desde dentro del edificio comenzaron a disparar gases y balas de goma contra los manifestantes, entre los que hab\u00eda mujeres y ni\u00f1os.<\/p>\n\n\n\n<p>P\u00e9rez Mill\u00e1n vive sus horas m\u00e1s dif\u00edciles, tras el conflicto en la plante de ArreBeef.<\/p>\n\n\n\n<iframe data-src=\"https:\/\/www.facebook.com\/plugins\/video.php?height=307&#038;href=https%3A%2F%2Fwww.facebook.com%2Feldiario.desanpedro%2Fvideos%2F123463589724794%2F&#038;show_text=false&#038;width=560\" width=\"560\" height=\"307\" style=\"border:none;overflow:hidden\" scrolling=\"no\" frameborder=\"0\" allowfullscreen=\"true\" allow=\"autoplay; clipboard-write; encrypted-media; picture-in-picture; web-share\" allowFullScreen=\"true\" src=\"data:image\/svg+xml;base64,PHN2ZyB3aWR0aD0iMSIgaGVpZ2h0PSIxIiB4bWxucz0iaHR0cDovL3d3dy53My5vcmcvMjAwMC9zdmciPjwvc3ZnPg==\" class=\"lazyload\" data-load-mode=\"1\"><\/iframe>\n","protected":false},"excerpt":{"rendered":"<p>En la tarde de este martes, los vecinos de P\u00e9rez Mill\u00e1n marcharon para repudiar la represi\u00f3n que ocurri\u00f3 durante la madrugada. Pero, en el momento que pasaron frente al Destacamento Policial, volvieron a registrarse hechos violentos.Desde dentro del edificio comenzaron a disparar gases y balas de goma contra los manifestantes, entre los que hab\u00eda mujeres [&hellip;]<\/p>\n","protected":false},"author":4,"featured_media":89289,"comment_status":"open","ping_status":"closed","sticky":false,"template":"","format":"standard","meta":{"om_disable_all_campaigns":false,"_jetpack_memberships_contains_paid_content":false,"footnotes":""},"categories":[50,621],"tags":[],"class_list":["post-89288","post","type-post","status-publish","format-standard","has-post-thumbnail","hentry","category-destacadas","category-regionales"],"aioseo_notices":[],"gutentor_comment":0,"jetpack_featured_media_url":"https:\/\/eldiariodesanpedro.com.ar\/sitio\/wp-content\/uploads\/2021\/03\/2021-03-16-1.png","jetpack_shortlink":"https:\/\/wp.me\/p6RhLt-ne8","jetpack_sharing_enabled":true,"_links":{"self":[{"href":"https:\/\/eldiariodesanpedro.com.ar\/sitio\/wp-json\/wp\/v2\/posts\/89288","targetHints":{"allow":["GET"]}}],"collection":[{"href":"https:\/\/eldiariodesanpedro.com.ar\/sitio\/wp-json\/wp\/v2\/posts"}],"about":[{"href":"https:\/\/eldiariodesanpedro.com.ar\/sitio\/wp-json\/wp\/v2\/types\/post"}],"author":[{"embeddable":true,"href":"https:\/\/eldiariodesanpedro.com.ar\/sitio\/wp-json\/wp\/v2\/users\/4"}],"replies":[{"embeddable":true,"href":"https:\/\/eldiariodesanpedro.com.ar\/sitio\/wp-json\/wp\/v2\/comments?post=89288"}],"version-history":[{"count":1,"href":"https:\/\/eldiariodesanpedro.com.ar\/sitio\/wp-json\/wp\/v2\/posts\/89288\/revisions"}],"predecessor-version":[{"id":89290,"href":"https:\/\/eldiariodesanpedro.com.ar\/sitio\/wp-json\/wp\/v2\/posts\/89288\/revisions\/89290"}],"wp:featuredmedia":[{"embeddable":true,"href":"https:\/\/eldiariodesanpedro.com.ar\/sitio\/wp-json\/wp\/v2\/media\/89289"}],"wp:attachment":[{"href":"https:\/\/eldiariodesanpedro.com.ar\/sitio\/wp-json\/wp\/v2\/media?parent=89288"}],"wp:term":[{"taxonomy":"category","embeddable":true,"href":"https:\/\/eldiariodesanpedro.com.ar\/sitio\/wp-json\/wp\/v2\/categories?post=89288"},{"taxonomy":"post_tag","embeddable":true,"href":"https:\/\/eldiariodesanpedro.com.ar\/sitio\/wp-json\/wp\/v2\/tags?post=89288"}],"curies":[{"name":"wp","href":"https:\/\/api.w.org\/{rel}","templated":true}]}}