{"id":89275,"date":"2021-03-16T13:47:59","date_gmt":"2021-03-16T16:47:59","guid":{"rendered":"https:\/\/eldiariodesanpedro.com.ar\/sitio\/?p=89275"},"modified":"2021-03-16T13:56:16","modified_gmt":"2021-03-16T16:56:16","slug":"robo-a-mano-armada-en-la-empresa-tarjeta-fertil","status":"publish","type":"post","link":"https:\/\/eldiariodesanpedro.com.ar\/sitio\/robo-a-mano-armada-en-la-empresa-tarjeta-fertil\/","title":{"rendered":"Robo a mano armada en la empresa Tarjeta Fertil"},"content":{"rendered":"<!-- VideographyWP Plugin Message: Automatic video embedding prevented by plugin options. -->\n\n<p>Pasado este mediod\u00eda d se recibi\u00f3 una llamada al 911 para alertar que hab\u00eda sufrido el robo en un local comercial perteneciente a la empresa Tarjeta Fertil.<\/p>\n\n\n\n<p>Este mediod\u00eda un hombre vestido con un uniforme perteneciente a la empresa \u00abProsegur\u00bb  ingreso en las instalaciones del comercio ubicado en calle Obligado 125 con un arma de fuego amenaz\u00f3 a las empleadas del lugar para de esta manera llevarse un monto de dinero en efectivo.<\/p>\n\n\n\n<p>Tras el atraco el delicuente sali\u00f3 corriendo del lugar dirigi\u00e9ndose a calle Salta donde se habr\u00eda subido a un autom\u00f3vil marca Nissan que lo esperaba.<\/p>\n\n\n\n<p>En este momento la polic\u00eda trabaja en el lugar para poder identificar a trav\u00e9s de c\u00e1maras de seguridad la identidad del delicuente. <\/p>\n\n\n\n<p><\/p>\n","protected":false},"excerpt":{"rendered":"<p>Pasado este mediod\u00eda d se recibi\u00f3 una llamada al 911 para alertar que hab\u00eda sufrido el robo en un local comercial perteneciente a la empresa Tarjeta Fertil. Este mediod\u00eda un hombre vestido con un uniforme perteneciente a la empresa \u00abProsegur\u00bb ingreso en las instalaciones del comercio ubicado en calle Obligado 125 con un arma de [&hellip;]<\/p>\n","protected":false},"author":4,"featured_media":89276,"comment_status":"open","ping_status":"closed","sticky":false,"template":"","format":"standard","meta":{"om_disable_all_campaigns":false,"_jetpack_memberships_contains_paid_content":false,"footnotes":""},"categories":[50,2,103],"tags":[],"class_list":["post-89275","post","type-post","status-publish","format-standard","has-post-thumbnail","hentry","category-destacadas","category-locales","category-policiales-locales"],"aioseo_notices":[],"gutentor_comment":0,"jetpack_featured_media_url":"https:\/\/eldiariodesanpedro.com.ar\/sitio\/wp-content\/uploads\/2021\/03\/20210316_134226-scaled.jpg","jetpack_shortlink":"https:\/\/wp.me\/p6RhLt-ndV","jetpack_sharing_enabled":true,"_links":{"self":[{"href":"https:\/\/eldiariodesanpedro.com.ar\/sitio\/wp-json\/wp\/v2\/posts\/89275","targetHints":{"allow":["GET"]}}],"collection":[{"href":"https:\/\/eldiariodesanpedro.com.ar\/sitio\/wp-json\/wp\/v2\/posts"}],"about":[{"href":"https:\/\/eldiariodesanpedro.com.ar\/sitio\/wp-json\/wp\/v2\/types\/post"}],"author":[{"embeddable":true,"href":"https:\/\/eldiariodesanpedro.com.ar\/sitio\/wp-json\/wp\/v2\/users\/4"}],"replies":[{"embeddable":true,"href":"https:\/\/eldiariodesanpedro.com.ar\/sitio\/wp-json\/wp\/v2\/comments?post=89275"}],"version-history":[{"count":4,"href":"https:\/\/eldiariodesanpedro.com.ar\/sitio\/wp-json\/wp\/v2\/posts\/89275\/revisions"}],"predecessor-version":[{"id":89284,"href":"https:\/\/eldiariodesanpedro.com.ar\/sitio\/wp-json\/wp\/v2\/posts\/89275\/revisions\/89284"}],"wp:featuredmedia":[{"embeddable":true,"href":"https:\/\/eldiariodesanpedro.com.ar\/sitio\/wp-json\/wp\/v2\/media\/89276"}],"wp:attachment":[{"href":"https:\/\/eldiariodesanpedro.com.ar\/sitio\/wp-json\/wp\/v2\/media?parent=89275"}],"wp:term":[{"taxonomy":"category","embeddable":true,"href":"https:\/\/eldiariodesanpedro.com.ar\/sitio\/wp-json\/wp\/v2\/categories?post=89275"},{"taxonomy":"post_tag","embeddable":true,"href":"https:\/\/eldiariodesanpedro.com.ar\/sitio\/wp-json\/wp\/v2\/tags?post=89275"}],"curies":[{"name":"wp","href":"https:\/\/api.w.org\/{rel}","templated":true}]}}