{"id":89271,"date":"2021-03-16T11:36:11","date_gmt":"2021-03-16T14:36:11","guid":{"rendered":"https:\/\/eldiariodesanpedro.com.ar\/sitio\/?p=89271"},"modified":"2021-03-16T11:36:15","modified_gmt":"2021-03-16T14:36:15","slug":"primer-encuentro-de-pintura-manchas","status":"publish","type":"post","link":"https:\/\/eldiariodesanpedro.com.ar\/sitio\/primer-encuentro-de-pintura-manchas\/","title":{"rendered":"Primer encuentro de pintura \u201cManchas\u201d"},"content":{"rendered":"<!-- VideographyWP Plugin Message: Automatic video embedding prevented by plugin options. -->\n\n<p>La Direcci\u00f3n de Cultura de la Municipalidad de San Pedro te invita a participar del primer encuentro de pintura \u201cManchas\u201d, es donde inicia todo.<\/p>\n\n\n\n<p>Este encuentro estar\u00e1 a cargo de Maxi Ricone, y para que todos puedan ser parte, cada uno debe llevar sus pinceles, se trabajar\u00e1n con grupos reducidos y en rotaci\u00f3n.<\/p>\n\n\n\n<p>Los esperamos el pr\u00f3ximo s\u00e1bado 3 de abril en la Plazoleta Fray Cayetano Rodr\u00edguez de 10 a 16 hs.<\/p>\n","protected":false},"excerpt":{"rendered":"<p>La Direcci\u00f3n de Cultura de la Municipalidad de San Pedro te invita a participar del primer encuentro de pintura \u201cManchas\u201d, es donde inicia todo. Este encuentro estar\u00e1 a cargo de Maxi Ricone, y para que todos puedan ser parte, cada uno debe llevar sus pinceles, se trabajar\u00e1n con grupos reducidos y en rotaci\u00f3n. Los esperamos [&hellip;]<\/p>\n","protected":false},"author":4,"featured_media":89272,"comment_status":"open","ping_status":"closed","sticky":false,"template":"","format":"standard","meta":{"om_disable_all_campaigns":false,"_jetpack_memberships_contains_paid_content":false,"footnotes":""},"categories":[101,2],"tags":[],"class_list":["post-89271","post","type-post","status-publish","format-standard","has-post-thumbnail","hentry","category-interes-general-locales","category-locales"],"aioseo_notices":[],"gutentor_comment":0,"jetpack_featured_media_url":"https:\/\/eldiariodesanpedro.com.ar\/sitio\/wp-content\/uploads\/2021\/03\/WhatsApp-Image-2021-03-16-at-11.28.19.jpeg","jetpack_shortlink":"https:\/\/wp.me\/p6RhLt-ndR","jetpack_sharing_enabled":true,"_links":{"self":[{"href":"https:\/\/eldiariodesanpedro.com.ar\/sitio\/wp-json\/wp\/v2\/posts\/89271","targetHints":{"allow":["GET"]}}],"collection":[{"href":"https:\/\/eldiariodesanpedro.com.ar\/sitio\/wp-json\/wp\/v2\/posts"}],"about":[{"href":"https:\/\/eldiariodesanpedro.com.ar\/sitio\/wp-json\/wp\/v2\/types\/post"}],"author":[{"embeddable":true,"href":"https:\/\/eldiariodesanpedro.com.ar\/sitio\/wp-json\/wp\/v2\/users\/4"}],"replies":[{"embeddable":true,"href":"https:\/\/eldiariodesanpedro.com.ar\/sitio\/wp-json\/wp\/v2\/comments?post=89271"}],"version-history":[{"count":1,"href":"https:\/\/eldiariodesanpedro.com.ar\/sitio\/wp-json\/wp\/v2\/posts\/89271\/revisions"}],"predecessor-version":[{"id":89273,"href":"https:\/\/eldiariodesanpedro.com.ar\/sitio\/wp-json\/wp\/v2\/posts\/89271\/revisions\/89273"}],"wp:featuredmedia":[{"embeddable":true,"href":"https:\/\/eldiariodesanpedro.com.ar\/sitio\/wp-json\/wp\/v2\/media\/89272"}],"wp:attachment":[{"href":"https:\/\/eldiariodesanpedro.com.ar\/sitio\/wp-json\/wp\/v2\/media?parent=89271"}],"wp:term":[{"taxonomy":"category","embeddable":true,"href":"https:\/\/eldiariodesanpedro.com.ar\/sitio\/wp-json\/wp\/v2\/categories?post=89271"},{"taxonomy":"post_tag","embeddable":true,"href":"https:\/\/eldiariodesanpedro.com.ar\/sitio\/wp-json\/wp\/v2\/tags?post=89271"}],"curies":[{"name":"wp","href":"https:\/\/api.w.org\/{rel}","templated":true}]}}