{"id":89262,"date":"2021-03-16T11:09:53","date_gmt":"2021-03-16T14:09:53","guid":{"rendered":"https:\/\/eldiariodesanpedro.com.ar\/sitio\/?p=89262"},"modified":"2021-03-16T11:09:58","modified_gmt":"2021-03-16T14:09:58","slug":"denuncia-por-golpes-y-amenazas-en-rio-tala","status":"publish","type":"post","link":"https:\/\/eldiariodesanpedro.com.ar\/sitio\/denuncia-por-golpes-y-amenazas-en-rio-tala\/","title":{"rendered":"Denuncia por golpes y amenazas en R\u00edo Tala"},"content":{"rendered":"<!-- VideographyWP Plugin Message: Automatic video embedding prevented by plugin options. -->\n\n<p>Este lunes se recibi\u00f3 la denuncia por parte de una femenina de 22 a\u00f1os en el destacamento de R\u00edo Tala, que seg\u00fan declar\u00f3 en horas del mediod\u00eda cuando se encontraba en la intersecci\u00f3n de calle Belgrano y Sargento  Cabral, es agredida f\u00edsica y verbalmente por otra mujer que a ra\u00edz de la agresi\u00f3n, la denunciante posee lesiones de car\u00e1cter leves seg\u00fan informe m\u00e9dico.<\/p>\n","protected":false},"excerpt":{"rendered":"<p>Este lunes se recibi\u00f3 la denuncia por parte de una femenina de 22 a\u00f1os en el destacamento de R\u00edo Tala, que seg\u00fan declar\u00f3 en horas del mediod\u00eda cuando se encontraba en la intersecci\u00f3n de calle Belgrano y Sargento Cabral, es agredida f\u00edsica y verbalmente por otra mujer que a ra\u00edz de la agresi\u00f3n, la denunciante [&hellip;]<\/p>\n","protected":false},"author":4,"featured_media":77561,"comment_status":"open","ping_status":"closed","sticky":false,"template":"","format":"standard","meta":{"om_disable_all_campaigns":false,"_jetpack_memberships_contains_paid_content":false,"footnotes":""},"categories":[2,103],"tags":[],"class_list":["post-89262","post","type-post","status-publish","format-standard","has-post-thumbnail","hentry","category-locales","category-policiales-locales"],"aioseo_notices":[],"gutentor_comment":0,"jetpack_featured_media_url":"https:\/\/eldiariodesanpedro.com.ar\/sitio\/wp-content\/uploads\/2020\/07\/20200709072134.jpg","jetpack_shortlink":"https:\/\/wp.me\/p6RhLt-ndI","jetpack_sharing_enabled":true,"_links":{"self":[{"href":"https:\/\/eldiariodesanpedro.com.ar\/sitio\/wp-json\/wp\/v2\/posts\/89262","targetHints":{"allow":["GET"]}}],"collection":[{"href":"https:\/\/eldiariodesanpedro.com.ar\/sitio\/wp-json\/wp\/v2\/posts"}],"about":[{"href":"https:\/\/eldiariodesanpedro.com.ar\/sitio\/wp-json\/wp\/v2\/types\/post"}],"author":[{"embeddable":true,"href":"https:\/\/eldiariodesanpedro.com.ar\/sitio\/wp-json\/wp\/v2\/users\/4"}],"replies":[{"embeddable":true,"href":"https:\/\/eldiariodesanpedro.com.ar\/sitio\/wp-json\/wp\/v2\/comments?post=89262"}],"version-history":[{"count":1,"href":"https:\/\/eldiariodesanpedro.com.ar\/sitio\/wp-json\/wp\/v2\/posts\/89262\/revisions"}],"predecessor-version":[{"id":89263,"href":"https:\/\/eldiariodesanpedro.com.ar\/sitio\/wp-json\/wp\/v2\/posts\/89262\/revisions\/89263"}],"wp:featuredmedia":[{"embeddable":true,"href":"https:\/\/eldiariodesanpedro.com.ar\/sitio\/wp-json\/wp\/v2\/media\/77561"}],"wp:attachment":[{"href":"https:\/\/eldiariodesanpedro.com.ar\/sitio\/wp-json\/wp\/v2\/media?parent=89262"}],"wp:term":[{"taxonomy":"category","embeddable":true,"href":"https:\/\/eldiariodesanpedro.com.ar\/sitio\/wp-json\/wp\/v2\/categories?post=89262"},{"taxonomy":"post_tag","embeddable":true,"href":"https:\/\/eldiariodesanpedro.com.ar\/sitio\/wp-json\/wp\/v2\/tags?post=89262"}],"curies":[{"name":"wp","href":"https:\/\/api.w.org\/{rel}","templated":true}]}}