{"id":89260,"date":"2021-03-16T11:02:25","date_gmt":"2021-03-16T14:02:25","guid":{"rendered":"https:\/\/eldiariodesanpedro.com.ar\/sitio\/?p=89260"},"modified":"2021-03-16T11:02:33","modified_gmt":"2021-03-16T14:02:33","slug":"varios-aprehendidos-en-via-publica-con-estupefacientes","status":"publish","type":"post","link":"https:\/\/eldiariodesanpedro.com.ar\/sitio\/varios-aprehendidos-en-via-publica-con-estupefacientes\/","title":{"rendered":"Varios aprehendidos en v\u00eda publica con estupefacientes"},"content":{"rendered":"<!-- VideographyWP Plugin Message: Automatic video embedding prevented by plugin options. -->\n\n<p>El d\u00eda de ayer, en distintos horarios y puntos de la ciudad, personal policial traslad\u00f3 a cuatro personas mayores de edad, a quienes se le secuestr\u00f3 en su poder sustancia marihuana, \u00ednfimo pesaje, en todos los casos se formaron causas judiciales con intervenci\u00f3n de la fiscal\u00eda local, cumpli\u00e9ndose recaudos legales para con los causantes.<\/p>\n","protected":false},"excerpt":{"rendered":"<p>El d\u00eda de ayer, en distintos horarios y puntos de la ciudad, personal policial traslad\u00f3 a cuatro personas mayores de edad, a quienes se le secuestr\u00f3 en su poder sustancia marihuana, \u00ednfimo pesaje, en todos los casos se formaron causas judiciales con intervenci\u00f3n de la fiscal\u00eda local, cumpli\u00e9ndose recaudos legales para con los causantes.<\/p>\n","protected":false},"author":4,"featured_media":68206,"comment_status":"open","ping_status":"closed","sticky":false,"template":"","format":"standard","meta":{"om_disable_all_campaigns":false,"_jetpack_memberships_contains_paid_content":false,"footnotes":""},"categories":[2,103],"tags":[],"class_list":["post-89260","post","type-post","status-publish","format-standard","has-post-thumbnail","hentry","category-locales","category-policiales-locales"],"aioseo_notices":[],"gutentor_comment":0,"jetpack_featured_media_url":"https:\/\/eldiariodesanpedro.com.ar\/sitio\/wp-content\/uploads\/2020\/02\/SUJETOS-DETENIDOS.jpg","jetpack_shortlink":"https:\/\/wp.me\/p6RhLt-ndG","jetpack_sharing_enabled":true,"_links":{"self":[{"href":"https:\/\/eldiariodesanpedro.com.ar\/sitio\/wp-json\/wp\/v2\/posts\/89260","targetHints":{"allow":["GET"]}}],"collection":[{"href":"https:\/\/eldiariodesanpedro.com.ar\/sitio\/wp-json\/wp\/v2\/posts"}],"about":[{"href":"https:\/\/eldiariodesanpedro.com.ar\/sitio\/wp-json\/wp\/v2\/types\/post"}],"author":[{"embeddable":true,"href":"https:\/\/eldiariodesanpedro.com.ar\/sitio\/wp-json\/wp\/v2\/users\/4"}],"replies":[{"embeddable":true,"href":"https:\/\/eldiariodesanpedro.com.ar\/sitio\/wp-json\/wp\/v2\/comments?post=89260"}],"version-history":[{"count":1,"href":"https:\/\/eldiariodesanpedro.com.ar\/sitio\/wp-json\/wp\/v2\/posts\/89260\/revisions"}],"predecessor-version":[{"id":89261,"href":"https:\/\/eldiariodesanpedro.com.ar\/sitio\/wp-json\/wp\/v2\/posts\/89260\/revisions\/89261"}],"wp:featuredmedia":[{"embeddable":true,"href":"https:\/\/eldiariodesanpedro.com.ar\/sitio\/wp-json\/wp\/v2\/media\/68206"}],"wp:attachment":[{"href":"https:\/\/eldiariodesanpedro.com.ar\/sitio\/wp-json\/wp\/v2\/media?parent=89260"}],"wp:term":[{"taxonomy":"category","embeddable":true,"href":"https:\/\/eldiariodesanpedro.com.ar\/sitio\/wp-json\/wp\/v2\/categories?post=89260"},{"taxonomy":"post_tag","embeddable":true,"href":"https:\/\/eldiariodesanpedro.com.ar\/sitio\/wp-json\/wp\/v2\/tags?post=89260"}],"curies":[{"name":"wp","href":"https:\/\/api.w.org\/{rel}","templated":true}]}}