{"id":8926,"date":"2016-10-18T18:12:40","date_gmt":"2016-10-18T21:12:40","guid":{"rendered":"https:\/\/eldiariodesanpedro.com.ar\/sitio\/?p=8926"},"modified":"2016-10-19T12:25:31","modified_gmt":"2016-10-19T15:25:31","slug":"las-obras-en-la-estacion-de-trenes-de-san-nicolas-culminaran-en-enero","status":"publish","type":"post","link":"https:\/\/eldiariodesanpedro.com.ar\/sitio\/las-obras-en-la-estacion-de-trenes-de-san-nicolas-culminaran-en-enero\/","title":{"rendered":"Las obras en la Estaci\u00f3n de trenes de San Nicol\u00e1s culminar\u00e1n en enero"},"content":{"rendered":"<p><!-- VideographyWP Plugin Message: Automatic video embedding prevented by plugin options. --><br \/>\nA principios de agosto se iniciaron los trabajos de puesta en valor de la Estaci\u00f3n de trenes de San Nicol\u00e1s, una obra que contempla la remodelaci\u00f3n parcial del edificio y sus fachadas, y el mejoramiento de cubiertas y espacios interiores.<br \/>\nLos trabajos avanzan sobre adecuaci\u00f3n de los andenes ascendente y descendente, el recambio de pisos, mejora de accesos y reparaciones de cerramiento perimetral.<br \/>\nTambi\u00e9n se est\u00e1 refaccionando el viejo puente peatonal. La obra tambi\u00e9n comprende la colocaci\u00f3n de borde reglamentario de andenes, construcci\u00f3n e iluminaci\u00f3n de refugios, construcci\u00f3n de rampas, refacci\u00f3n de ba\u00f1os p\u00fablicos, ba\u00f1os para discapacitados, oficinas, vestuarios y sanitarios para el personal, nuevos pasos a nivel y mejoras de \u00e1reas verdes.<br \/>\nEl proyecto inicial tambi\u00e9n incluye un sistema de iluminaci\u00f3n LED que permitir\u00e1 mejor aprovechamiento de la luz y mayor ahorro de energ\u00eda.<br \/>\nLa empresa Comsa Argentina est\u00e1 a cargo de los trabajos, mientras que la ejecuci\u00f3n es financiada por la Administraci\u00f3n de Infraestructura Ferroviaria Sociedad del Estado (Adif Se).<br \/>\nLa Estaci\u00f3n San Nicol\u00e1s est\u00e1 incluida en la etapa tres de la adecuaci\u00f3n y remodelaci\u00f3n de estaciones de la l\u00ednea General Mitre, junto a la de San Pedro, por un monto conjunto cercano a los 18 millones de pesos. <\/p>\n","protected":false},"excerpt":{"rendered":"<p>A principios de agosto se iniciaron los trabajos de puesta en valor de la Estaci\u00f3n de trenes de San Nicol\u00e1s, una obra que contempla la remodelaci\u00f3n parcial del edificio y sus fachadas, y el mejoramiento de cubiertas y espacios interiores. Los trabajos avanzan sobre adecuaci\u00f3n de los andenes ascendente y descendente, el recambio de pisos, [&hellip;]<\/p>\n","protected":false},"author":4,"featured_media":8927,"comment_status":"open","ping_status":"closed","sticky":false,"template":"","format":"standard","meta":{"om_disable_all_campaigns":false,"_jetpack_memberships_contains_paid_content":false,"footnotes":""},"categories":[621],"tags":[],"class_list":["post-8926","post","type-post","status-publish","format-standard","has-post-thumbnail","hentry","category-regionales"],"aioseo_notices":[],"gutentor_comment":0,"jetpack_featured_media_url":"https:\/\/eldiariodesanpedro.com.ar\/sitio\/wp-content\/uploads\/2016\/10\/PAGINA-6-11.jpg","jetpack_shortlink":"https:\/\/wp.me\/p6RhLt-2jY","jetpack_sharing_enabled":true,"_links":{"self":[{"href":"https:\/\/eldiariodesanpedro.com.ar\/sitio\/wp-json\/wp\/v2\/posts\/8926","targetHints":{"allow":["GET"]}}],"collection":[{"href":"https:\/\/eldiariodesanpedro.com.ar\/sitio\/wp-json\/wp\/v2\/posts"}],"about":[{"href":"https:\/\/eldiariodesanpedro.com.ar\/sitio\/wp-json\/wp\/v2\/types\/post"}],"author":[{"embeddable":true,"href":"https:\/\/eldiariodesanpedro.com.ar\/sitio\/wp-json\/wp\/v2\/users\/4"}],"replies":[{"embeddable":true,"href":"https:\/\/eldiariodesanpedro.com.ar\/sitio\/wp-json\/wp\/v2\/comments?post=8926"}],"version-history":[{"count":1,"href":"https:\/\/eldiariodesanpedro.com.ar\/sitio\/wp-json\/wp\/v2\/posts\/8926\/revisions"}],"predecessor-version":[{"id":8928,"href":"https:\/\/eldiariodesanpedro.com.ar\/sitio\/wp-json\/wp\/v2\/posts\/8926\/revisions\/8928"}],"wp:featuredmedia":[{"embeddable":true,"href":"https:\/\/eldiariodesanpedro.com.ar\/sitio\/wp-json\/wp\/v2\/media\/8927"}],"wp:attachment":[{"href":"https:\/\/eldiariodesanpedro.com.ar\/sitio\/wp-json\/wp\/v2\/media?parent=8926"}],"wp:term":[{"taxonomy":"category","embeddable":true,"href":"https:\/\/eldiariodesanpedro.com.ar\/sitio\/wp-json\/wp\/v2\/categories?post=8926"},{"taxonomy":"post_tag","embeddable":true,"href":"https:\/\/eldiariodesanpedro.com.ar\/sitio\/wp-json\/wp\/v2\/tags?post=8926"}],"curies":[{"name":"wp","href":"https:\/\/api.w.org\/{rel}","templated":true}]}}