{"id":89256,"date":"2021-03-16T11:00:14","date_gmt":"2021-03-16T14:00:14","guid":{"rendered":"https:\/\/eldiariodesanpedro.com.ar\/sitio\/?p=89256"},"modified":"2021-03-16T11:00:19","modified_gmt":"2021-03-16T14:00:19","slug":"allanamiento-con-secuestro-dos-escopetas-en-castro","status":"publish","type":"post","link":"https:\/\/eldiariodesanpedro.com.ar\/sitio\/allanamiento-con-secuestro-dos-escopetas-en-castro\/","title":{"rendered":"Allanamiento con secuestro dos escopetas en Castro"},"content":{"rendered":"<!-- VideographyWP Plugin Message: Automatic video embedding prevented by plugin options. -->\n\n<p>Este lunes en el marco de causa judicial, el personal policial de nuestra ciudad diligenci\u00f3 orden de allanamiento extendida por la justicia ordinaria en calle Italia al 200 de la vecina localidad de Gobernador Castro, en esa vivienda se solicitaba el secuestro de armas de fuego la diligencia arroj\u00f3 resultado positivo secuestrando dos escopetas y un rev\u00f3lver, respecto del morador, fue aprehendido y trasladado a sede policial, donde permanece a disposici\u00f3n judicial. imputado del delito de tenencia ilegal de arma de fuego.<\/p>\n","protected":false},"excerpt":{"rendered":"<p>Este lunes en el marco de causa judicial, el personal policial de nuestra ciudad diligenci\u00f3 orden de allanamiento extendida por la justicia ordinaria en calle Italia al 200 de la vecina localidad de Gobernador Castro, en esa vivienda se solicitaba el secuestro de armas de fuego la diligencia arroj\u00f3 resultado positivo secuestrando dos escopetas y [&hellip;]<\/p>\n","protected":false},"author":4,"featured_media":89259,"comment_status":"open","ping_status":"closed","sticky":false,"template":"","format":"standard","meta":{"om_disable_all_campaigns":false,"_jetpack_memberships_contains_paid_content":false,"footnotes":""},"categories":[50,2,103],"tags":[],"class_list":["post-89256","post","type-post","status-publish","format-standard","has-post-thumbnail","hentry","category-destacadas","category-locales","category-policiales-locales"],"aioseo_notices":[],"gutentor_comment":0,"jetpack_featured_media_url":"https:\/\/eldiariodesanpedro.com.ar\/sitio\/wp-content\/uploads\/2021\/03\/WhatsApp-Image-2021-03-16-at-10.57.17.jpeg","jetpack_shortlink":"https:\/\/wp.me\/p6RhLt-ndC","jetpack_sharing_enabled":true,"_links":{"self":[{"href":"https:\/\/eldiariodesanpedro.com.ar\/sitio\/wp-json\/wp\/v2\/posts\/89256","targetHints":{"allow":["GET"]}}],"collection":[{"href":"https:\/\/eldiariodesanpedro.com.ar\/sitio\/wp-json\/wp\/v2\/posts"}],"about":[{"href":"https:\/\/eldiariodesanpedro.com.ar\/sitio\/wp-json\/wp\/v2\/types\/post"}],"author":[{"embeddable":true,"href":"https:\/\/eldiariodesanpedro.com.ar\/sitio\/wp-json\/wp\/v2\/users\/4"}],"replies":[{"embeddable":true,"href":"https:\/\/eldiariodesanpedro.com.ar\/sitio\/wp-json\/wp\/v2\/comments?post=89256"}],"version-history":[{"count":1,"href":"https:\/\/eldiariodesanpedro.com.ar\/sitio\/wp-json\/wp\/v2\/posts\/89256\/revisions"}],"predecessor-version":[{"id":89257,"href":"https:\/\/eldiariodesanpedro.com.ar\/sitio\/wp-json\/wp\/v2\/posts\/89256\/revisions\/89257"}],"wp:featuredmedia":[{"embeddable":true,"href":"https:\/\/eldiariodesanpedro.com.ar\/sitio\/wp-json\/wp\/v2\/media\/89259"}],"wp:attachment":[{"href":"https:\/\/eldiariodesanpedro.com.ar\/sitio\/wp-json\/wp\/v2\/media?parent=89256"}],"wp:term":[{"taxonomy":"category","embeddable":true,"href":"https:\/\/eldiariodesanpedro.com.ar\/sitio\/wp-json\/wp\/v2\/categories?post=89256"},{"taxonomy":"post_tag","embeddable":true,"href":"https:\/\/eldiariodesanpedro.com.ar\/sitio\/wp-json\/wp\/v2\/tags?post=89256"}],"curies":[{"name":"wp","href":"https:\/\/api.w.org\/{rel}","templated":true}]}}