{"id":89251,"date":"2021-03-16T09:51:06","date_gmt":"2021-03-16T12:51:06","guid":{"rendered":"https:\/\/eldiariodesanpedro.com.ar\/sitio\/?p=89251"},"modified":"2021-03-16T09:51:10","modified_gmt":"2021-03-16T12:51:10","slug":"ramallo-confirman-a-urquiaga-como-jefa-comunal-de-policia","status":"publish","type":"post","link":"https:\/\/eldiariodesanpedro.com.ar\/sitio\/ramallo-confirman-a-urquiaga-como-jefa-comunal-de-policia\/","title":{"rendered":"RAMALLO | Confirman a Urquiaga como jefa comunal de Polic\u00eda"},"content":{"rendered":"<!-- VideographyWP Plugin Message: Automatic video embedding prevented by plugin options. -->\n\n<p>La comisaria&nbsp;<strong>Carolina Urquiaga<\/strong>&nbsp;seguir\u00e1 como jefa comunal de Polic\u00eda, tras la decisi\u00f3n que tom\u00f3 el intendente&nbsp;<strong>Gustavo Peri\u00e9<\/strong>&nbsp;y el superintendente de la Regi\u00f3n Buenos Aires Norte.<\/p>\n\n\n\n<p>Tras el fallido traspaso a la Jefatura del partido de Rojas, Urquiaga estaba de licencia, a la espera de saber su futuro.<\/p>\n\n\n\n<p>Este martes se reunir\u00e1 con el intendente Peri\u00e9 y est\u00e1 previsto que el mi\u00e9rcoles, 17 de marzo retome sus funciones al frente de la polic\u00eda del distrito.<\/p>\n\n\n\n<p>Fuente: <a href=\"http:\/\/www.ramallociudad.com.ar\/nota.asp?id=162365&amp;t=Confirman-a-Urquiaga-como-jefa-comunal-de-Policia\">Ramallo Informa<\/a><\/p>\n","protected":false},"excerpt":{"rendered":"<p>La comisaria&nbsp;Carolina Urquiaga&nbsp;seguir\u00e1 como jefa comunal de Polic\u00eda, tras la decisi\u00f3n que tom\u00f3 el intendente&nbsp;Gustavo Peri\u00e9&nbsp;y el superintendente de la Regi\u00f3n Buenos Aires Norte. Tras el fallido traspaso a la Jefatura del partido de Rojas, Urquiaga estaba de licencia, a la espera de saber su futuro. Este martes se reunir\u00e1 con el intendente Peri\u00e9 y [&hellip;]<\/p>\n","protected":false},"author":4,"featured_media":89252,"comment_status":"open","ping_status":"closed","sticky":false,"template":"","format":"standard","meta":{"om_disable_all_campaigns":false,"_jetpack_memberships_contains_paid_content":false,"footnotes":""},"categories":[2],"tags":[],"class_list":["post-89251","post","type-post","status-publish","format-standard","has-post-thumbnail","hentry","category-locales"],"aioseo_notices":[],"gutentor_comment":0,"jetpack_featured_media_url":"https:\/\/eldiariodesanpedro.com.ar\/sitio\/wp-content\/uploads\/2021\/03\/bbx_946790996_1_urquiaga.jpg","jetpack_shortlink":"https:\/\/wp.me\/p6RhLt-ndx","jetpack_sharing_enabled":true,"_links":{"self":[{"href":"https:\/\/eldiariodesanpedro.com.ar\/sitio\/wp-json\/wp\/v2\/posts\/89251","targetHints":{"allow":["GET"]}}],"collection":[{"href":"https:\/\/eldiariodesanpedro.com.ar\/sitio\/wp-json\/wp\/v2\/posts"}],"about":[{"href":"https:\/\/eldiariodesanpedro.com.ar\/sitio\/wp-json\/wp\/v2\/types\/post"}],"author":[{"embeddable":true,"href":"https:\/\/eldiariodesanpedro.com.ar\/sitio\/wp-json\/wp\/v2\/users\/4"}],"replies":[{"embeddable":true,"href":"https:\/\/eldiariodesanpedro.com.ar\/sitio\/wp-json\/wp\/v2\/comments?post=89251"}],"version-history":[{"count":1,"href":"https:\/\/eldiariodesanpedro.com.ar\/sitio\/wp-json\/wp\/v2\/posts\/89251\/revisions"}],"predecessor-version":[{"id":89253,"href":"https:\/\/eldiariodesanpedro.com.ar\/sitio\/wp-json\/wp\/v2\/posts\/89251\/revisions\/89253"}],"wp:featuredmedia":[{"embeddable":true,"href":"https:\/\/eldiariodesanpedro.com.ar\/sitio\/wp-json\/wp\/v2\/media\/89252"}],"wp:attachment":[{"href":"https:\/\/eldiariodesanpedro.com.ar\/sitio\/wp-json\/wp\/v2\/media?parent=89251"}],"wp:term":[{"taxonomy":"category","embeddable":true,"href":"https:\/\/eldiariodesanpedro.com.ar\/sitio\/wp-json\/wp\/v2\/categories?post=89251"},{"taxonomy":"post_tag","embeddable":true,"href":"https:\/\/eldiariodesanpedro.com.ar\/sitio\/wp-json\/wp\/v2\/tags?post=89251"}],"curies":[{"name":"wp","href":"https:\/\/api.w.org\/{rel}","templated":true}]}}