{"id":89248,"date":"2021-03-16T09:49:22","date_gmt":"2021-03-16T12:49:22","guid":{"rendered":"https:\/\/eldiariodesanpedro.com.ar\/sitio\/?p=89248"},"modified":"2021-03-16T09:49:27","modified_gmt":"2021-03-16T12:49:27","slug":"campana-llegaron-mas-vacunas-para-mayores-de-60-anos","status":"publish","type":"post","link":"https:\/\/eldiariodesanpedro.com.ar\/sitio\/campana-llegaron-mas-vacunas-para-mayores-de-60-anos\/","title":{"rendered":"CAMPANA | Llegaron m\u00e1s vacunas para mayores de 60 a\u00f1os"},"content":{"rendered":"<!-- VideographyWP Plugin Message: Automatic video embedding prevented by plugin options. -->\n\n<p>Son dosis de SPUTNIK-V, las que se aplicar\u00e1n en el vacunatorio de la UTN, y los turnos a trav\u00e9s del sistema provincial se otorgan exclusivamente a mayores de 60 a\u00f1os, se\u00f1alaron desde la organizaci\u00f3n.<\/p>\n\n\n\n<p>600 nuevas dosis de la vacuna Sputnik-V llegaron a nuestra Ciudad, seg\u00fan lo confirm\u00f3 el principal referente del PJ-Frente de Todos, Rub\u00e9n Romano, quien detall\u00f3 que las mismas ser\u00e1n aplicadas en el vacunatorio montado en la sede local de la UTN.<\/p>\n\n\n\n<p>\u201cNuestro compromiso es acelerar y ampliar la capacidad de vacunaci\u00f3n, la campa\u00f1a est\u00e1 en marcha y no se detiene. El sistema provincial de turnos ya origin\u00f3 la convocatoria exclusivamente a vecinos mayores de 60 a\u00f1os, quienes se hayan registrado en el sitio oficial&nbsp;<a href=\"http:\/\/vacunatepba.gba.gob.ar\/\" target=\"_blank\" rel=\"noreferrer noopener\">www.vacunatepba.gba.gob.ar<\/a>\u201d expres\u00f3 el m\u00e9dico y Concejal campanense.<\/p>\n\n\n\n<p>Seg\u00fan se inform\u00f3, durante esta semana ser\u00e1n vacunados personas mayores de 60 a\u00f1os con la primera dosis en la sede de la UTN, de lunes a lunes sin descanso, mientras que dentro del mismo grupo etario se asignar\u00e1n turnos para recibir la segunda dosis en el Hospital San Jos\u00e9, que recibi\u00f3 dicho lote de vacunas.<\/p>\n\n\n\n<p>El arribo de m\u00e1s vacunas Sputnik-V priorizar\u00e1 el otorgamiento de turnos a mayores de 80 a\u00f1os, mayores de 70, trabajadores de la salud mayores de 60 a\u00f1os, como a toda persona mayor de 60 a\u00f1os que se haya registrado\u00a0<a rel=\"noreferrer noopener\" href=\"http:\/\/vacunatepba.gba.gob.ar\/\" target=\"_blank\">en la web oficial de la Provincia.<\/a>\u00a0Mientras que en el vacunatorio IOMA continuar\u00e1 vacun\u00e1ndose al personal de educaci\u00f3n y seguridad, con dosis de Sinopharm.<\/p>\n\n\n\n<p>Fuente: <a href=\"https:\/\/www.campananoticias.com\/noticia\/66435\/llegaron-ms-vacunas-para-mayores-de-60-aos\">Campana Noticias<\/a><\/p>\n","protected":false},"excerpt":{"rendered":"<p>Son dosis de SPUTNIK-V, las que se aplicar\u00e1n en el vacunatorio de la UTN, y los turnos a trav\u00e9s del sistema provincial se otorgan exclusivamente a mayores de 60 a\u00f1os, se\u00f1alaron desde la organizaci\u00f3n. 600 nuevas dosis de la vacuna Sputnik-V llegaron a nuestra Ciudad, seg\u00fan lo confirm\u00f3 el principal referente del PJ-Frente de Todos, [&hellip;]<\/p>\n","protected":false},"author":4,"featured_media":89249,"comment_status":"open","ping_status":"closed","sticky":false,"template":"","format":"standard","meta":{"om_disable_all_campaigns":false,"_jetpack_memberships_contains_paid_content":false,"footnotes":""},"categories":[621],"tags":[],"class_list":["post-89248","post","type-post","status-publish","format-standard","has-post-thumbnail","hentry","category-regionales"],"aioseo_notices":[],"gutentor_comment":0,"jetpack_featured_media_url":"https:\/\/eldiariodesanpedro.com.ar\/sitio\/wp-content\/uploads\/2021\/03\/20210315095623.jpeg","jetpack_shortlink":"https:\/\/wp.me\/p6RhLt-ndu","jetpack_sharing_enabled":true,"_links":{"self":[{"href":"https:\/\/eldiariodesanpedro.com.ar\/sitio\/wp-json\/wp\/v2\/posts\/89248","targetHints":{"allow":["GET"]}}],"collection":[{"href":"https:\/\/eldiariodesanpedro.com.ar\/sitio\/wp-json\/wp\/v2\/posts"}],"about":[{"href":"https:\/\/eldiariodesanpedro.com.ar\/sitio\/wp-json\/wp\/v2\/types\/post"}],"author":[{"embeddable":true,"href":"https:\/\/eldiariodesanpedro.com.ar\/sitio\/wp-json\/wp\/v2\/users\/4"}],"replies":[{"embeddable":true,"href":"https:\/\/eldiariodesanpedro.com.ar\/sitio\/wp-json\/wp\/v2\/comments?post=89248"}],"version-history":[{"count":1,"href":"https:\/\/eldiariodesanpedro.com.ar\/sitio\/wp-json\/wp\/v2\/posts\/89248\/revisions"}],"predecessor-version":[{"id":89250,"href":"https:\/\/eldiariodesanpedro.com.ar\/sitio\/wp-json\/wp\/v2\/posts\/89248\/revisions\/89250"}],"wp:featuredmedia":[{"embeddable":true,"href":"https:\/\/eldiariodesanpedro.com.ar\/sitio\/wp-json\/wp\/v2\/media\/89249"}],"wp:attachment":[{"href":"https:\/\/eldiariodesanpedro.com.ar\/sitio\/wp-json\/wp\/v2\/media?parent=89248"}],"wp:term":[{"taxonomy":"category","embeddable":true,"href":"https:\/\/eldiariodesanpedro.com.ar\/sitio\/wp-json\/wp\/v2\/categories?post=89248"},{"taxonomy":"post_tag","embeddable":true,"href":"https:\/\/eldiariodesanpedro.com.ar\/sitio\/wp-json\/wp\/v2\/tags?post=89248"}],"curies":[{"name":"wp","href":"https:\/\/api.w.org\/{rel}","templated":true}]}}