{"id":89241,"date":"2021-03-16T09:45:58","date_gmt":"2021-03-16T12:45:58","guid":{"rendered":"https:\/\/eldiariodesanpedro.com.ar\/sitio\/?p=89241"},"modified":"2021-03-16T09:46:02","modified_gmt":"2021-03-16T12:46:02","slug":"arrecifes-once-dias-sin-noticias-de-eliana-furi","status":"publish","type":"post","link":"https:\/\/eldiariodesanpedro.com.ar\/sitio\/arrecifes-once-dias-sin-noticias-de-eliana-furi\/","title":{"rendered":"ARRECIFES | Once d\u00edas sin noticias de Eliana Furi"},"content":{"rendered":"<!-- VideographyWP Plugin Message: Automatic video embedding prevented by plugin options. -->\n\n<p>La joven de 17 a\u00f1os de Capit\u00e1n Sarmiento fue vista por \u00faltima vez el 4 de marzo, cuando se fue a la escuela y no volvi\u00f3. Desde ese momento no se supo m\u00e1s nada de ella.<\/p>\n\n\n\n<p>Pese a las investigaciones y la intensificaci\u00f3n de la b\u00fasqueda por parte de toda una comunidad, no se obtuvo ning\u00fan dato cierto sobre su paradero.<\/p>\n\n\n\n<p>Este martes se cumplen 11 d\u00edas de su desaparici\u00f3n y la desesperaci\u00f3n de su familia crece. Hace una semana, su mam\u00e1 dijo: \u201cEliana no quer\u00eda que nos mudemos a Chaco y por ello es probable que haya programado irse de casa. Hay detalles que indican eso. Lo que no es posible es que no se haya comunicado m\u00e1s conmigo. Cada vez que sal\u00eda se preocupaba por avisarme d\u00f3nde estaba\u201d.<\/p>\n\n\n\n<p>TN estuvo este lunes en Sarmiento cubriendo una nueva marcha.<\/p>\n","protected":false},"excerpt":{"rendered":"<p>La joven de 17 a\u00f1os de Capit\u00e1n Sarmiento fue vista por \u00faltima vez el 4 de marzo, cuando se fue a la escuela y no volvi\u00f3. Desde ese momento no se supo m\u00e1s nada de ella. Pese a las investigaciones y la intensificaci\u00f3n de la b\u00fasqueda por parte de toda una comunidad, no se obtuvo [&hellip;]<\/p>\n","protected":false},"author":4,"featured_media":88781,"comment_status":"open","ping_status":"closed","sticky":false,"template":"","format":"standard","meta":{"om_disable_all_campaigns":false,"_jetpack_memberships_contains_paid_content":false,"footnotes":""},"categories":[2],"tags":[],"class_list":["post-89241","post","type-post","status-publish","format-standard","has-post-thumbnail","hentry","category-locales"],"aioseo_notices":[],"gutentor_comment":0,"jetpack_featured_media_url":"https:\/\/eldiariodesanpedro.com.ar\/sitio\/wp-content\/uploads\/2021\/03\/Eliana-Furi-Sarmiento-698x510-1.jpg","jetpack_shortlink":"https:\/\/wp.me\/p6RhLt-ndn","jetpack_sharing_enabled":true,"_links":{"self":[{"href":"https:\/\/eldiariodesanpedro.com.ar\/sitio\/wp-json\/wp\/v2\/posts\/89241","targetHints":{"allow":["GET"]}}],"collection":[{"href":"https:\/\/eldiariodesanpedro.com.ar\/sitio\/wp-json\/wp\/v2\/posts"}],"about":[{"href":"https:\/\/eldiariodesanpedro.com.ar\/sitio\/wp-json\/wp\/v2\/types\/post"}],"author":[{"embeddable":true,"href":"https:\/\/eldiariodesanpedro.com.ar\/sitio\/wp-json\/wp\/v2\/users\/4"}],"replies":[{"embeddable":true,"href":"https:\/\/eldiariodesanpedro.com.ar\/sitio\/wp-json\/wp\/v2\/comments?post=89241"}],"version-history":[{"count":1,"href":"https:\/\/eldiariodesanpedro.com.ar\/sitio\/wp-json\/wp\/v2\/posts\/89241\/revisions"}],"predecessor-version":[{"id":89244,"href":"https:\/\/eldiariodesanpedro.com.ar\/sitio\/wp-json\/wp\/v2\/posts\/89241\/revisions\/89244"}],"wp:featuredmedia":[{"embeddable":true,"href":"https:\/\/eldiariodesanpedro.com.ar\/sitio\/wp-json\/wp\/v2\/media\/88781"}],"wp:attachment":[{"href":"https:\/\/eldiariodesanpedro.com.ar\/sitio\/wp-json\/wp\/v2\/media?parent=89241"}],"wp:term":[{"taxonomy":"category","embeddable":true,"href":"https:\/\/eldiariodesanpedro.com.ar\/sitio\/wp-json\/wp\/v2\/categories?post=89241"},{"taxonomy":"post_tag","embeddable":true,"href":"https:\/\/eldiariodesanpedro.com.ar\/sitio\/wp-json\/wp\/v2\/tags?post=89241"}],"curies":[{"name":"wp","href":"https:\/\/api.w.org\/{rel}","templated":true}]}}