{"id":89238,"date":"2021-03-16T09:23:18","date_gmt":"2021-03-16T12:23:18","guid":{"rendered":"https:\/\/eldiariodesanpedro.com.ar\/sitio\/?p=89238"},"modified":"2021-03-16T09:23:22","modified_gmt":"2021-03-16T12:23:22","slug":"ramallo-represion-en-arrebeef-infanteria-disparo-a-los-trabajadores","status":"publish","type":"post","link":"https:\/\/eldiariodesanpedro.com.ar\/sitio\/ramallo-represion-en-arrebeef-infanteria-disparo-a-los-trabajadores\/","title":{"rendered":"RAMALLO | Represi\u00f3n en Arrebeef: Infanter\u00eda dispar\u00f3 a los trabajadores"},"content":{"rendered":"<!-- VideographyWP Plugin Message: Automatic video embedding prevented by plugin options. -->\n\n<p>Este lunes, el secretario seccional de la Federaci\u00f3n de la Carne en P\u00e9rez Mill\u00e1n, Luis P\u00e9rez, cuestionado por los y las trabajadoras, se present\u00f3 en la sede del sindicato, Hasta all\u00ed llegaron parte de quienes pelean por sus fuentes laborales en las puertas del frigor\u00edfico, que permanece cerrado. Durante todo el d\u00eda, el local gremial y P\u00e9rez fueron escoltados por las fuerzas de seguridad. Pasada la 01.00 de la madrugada de este martes, seg\u00fan pudo conocer Visi\u00f3n Regional, Gendarmer\u00eda avanz\u00f3 sobre los manifestantes, dispar\u00e1ndoles \u00absin mediar palabra\u00bb, para lograr sacar a P\u00e9rez del gremio y conducirlo hasta su domicilio.<\/p>\n\n\n\n<p>Los y las trabajadoras que reclaman por sus fuentes laborales en P\u00e9rez Mill\u00e1n fueron ahora v\u00edctimas de la represi\u00f3n por parte de personal de Infanter\u00eda&nbsp;que avanz\u00f3, en horas de la madrugada de este martes, sobre un centenar de personas, entre las que hab\u00eda mujeres y ni\u00f1os, en las puertas de la delegaci\u00f3n local del Sindicato de la Carne.<\/p>\n\n\n\n<p>En la ma\u00f1ana del lunes, Luis P\u00e9rez, el secretario seccional de la Federaci\u00f3n de la Carne en P\u00e9rez Mill\u00e1n,&nbsp;con mandato vencido pero prorrogado por la pandemia, se present\u00f3 en la sede del sindicato. P\u00e9rez es cuestionado por los y las trabajadoras que reclaman su renuncia, tras conocerse que el representante gremial negociaba salarios a la baja en contra de los trabajadores, entre otras graves denuncias en su contra.&nbsp;<\/p>\n\n\n\n<p>Hasta all\u00ed llegaron parte de los y las trabajadoras, para exigir nuevamente su renuncia. Durante toda la jornada, P\u00e9rez y el local gremial fueron custodiados por personal policial y de Infanter\u00eda. Los y las trabajadores advirtieron que permanecer\u00edan en el lugar, hasta que P\u00e9rez renunciara.<\/p>\n\n\n\n<p>Sin embargo, cerca de la 01.00 de este martes, seg\u00fan pudo reconstruir&nbsp;<strong>Visi\u00f3n Regional<\/strong>, la Infanter\u00eda&nbsp;se hizo presente en el lugar y sin mediar palabra, avanz\u00f3 contra quienes estaban manifest\u00e1ndose en la puerta del sindicato, disparando a mansalva.&nbsp;<\/p>\n\n\n\n<p>Vecinos registraron la presencia de las fuerzas de seguridad, las corridas y las detonaciones, con sus tel\u00e9fonos celulares aunque por el horario, la visibilidad de los mismos es escasa (Video gentileza Todav\u00eda-Todav\u00eda)<\/p>\n\n\n\n<p>Cerca de las 02.00, P\u00e9rez fue escoltado desde la sede del Sindicato hasta su domicilio particular donde tambi\u00e9n se habr\u00edan producido incidentes y destrozos en la vivienda, en principio por parte de los trabajadores de Arrebeef que le reclamaron adem\u00e1s por la represi\u00f3n de la que fueron v\u00edctimas.&nbsp;<\/p>\n\n\n\n<p>El conflicto, que lleva m\u00e1s de dos semanas, amenaza con dejar en la calle a m\u00e1s de mil personas, luego que el propietario del frigor\u00edfico, Hugo Borrel, anunciara el cierre de la planta en medio de un conflicto gremial en el que los y las trabajadoras ped\u00edan por mejoras en las condiciones laborales y salariales.&nbsp;<\/p>\n","protected":false},"excerpt":{"rendered":"<p>Este lunes, el secretario seccional de la Federaci\u00f3n de la Carne en P\u00e9rez Mill\u00e1n, Luis P\u00e9rez, cuestionado por los y las trabajadoras, se present\u00f3 en la sede del sindicato, Hasta all\u00ed llegaron parte de quienes pelean por sus fuentes laborales en las puertas del frigor\u00edfico, que permanece cerrado. Durante todo el d\u00eda, el local gremial [&hellip;]<\/p>\n","protected":false},"author":4,"featured_media":89239,"comment_status":"open","ping_status":"closed","sticky":false,"template":"","format":"standard","meta":{"om_disable_all_campaigns":false,"_jetpack_memberships_contains_paid_content":false,"footnotes":""},"categories":[2],"tags":[],"class_list":["post-89238","post","type-post","status-publish","format-standard","has-post-thumbnail","hentry","category-locales"],"aioseo_notices":[],"gutentor_comment":0,"jetpack_featured_media_url":"https:\/\/eldiariodesanpedro.com.ar\/sitio\/wp-content\/uploads\/2021\/03\/represion-arrebeef.jpg","jetpack_shortlink":"https:\/\/wp.me\/p6RhLt-ndk","jetpack_sharing_enabled":true,"_links":{"self":[{"href":"https:\/\/eldiariodesanpedro.com.ar\/sitio\/wp-json\/wp\/v2\/posts\/89238","targetHints":{"allow":["GET"]}}],"collection":[{"href":"https:\/\/eldiariodesanpedro.com.ar\/sitio\/wp-json\/wp\/v2\/posts"}],"about":[{"href":"https:\/\/eldiariodesanpedro.com.ar\/sitio\/wp-json\/wp\/v2\/types\/post"}],"author":[{"embeddable":true,"href":"https:\/\/eldiariodesanpedro.com.ar\/sitio\/wp-json\/wp\/v2\/users\/4"}],"replies":[{"embeddable":true,"href":"https:\/\/eldiariodesanpedro.com.ar\/sitio\/wp-json\/wp\/v2\/comments?post=89238"}],"version-history":[{"count":1,"href":"https:\/\/eldiariodesanpedro.com.ar\/sitio\/wp-json\/wp\/v2\/posts\/89238\/revisions"}],"predecessor-version":[{"id":89240,"href":"https:\/\/eldiariodesanpedro.com.ar\/sitio\/wp-json\/wp\/v2\/posts\/89238\/revisions\/89240"}],"wp:featuredmedia":[{"embeddable":true,"href":"https:\/\/eldiariodesanpedro.com.ar\/sitio\/wp-json\/wp\/v2\/media\/89239"}],"wp:attachment":[{"href":"https:\/\/eldiariodesanpedro.com.ar\/sitio\/wp-json\/wp\/v2\/media?parent=89238"}],"wp:term":[{"taxonomy":"category","embeddable":true,"href":"https:\/\/eldiariodesanpedro.com.ar\/sitio\/wp-json\/wp\/v2\/categories?post=89238"},{"taxonomy":"post_tag","embeddable":true,"href":"https:\/\/eldiariodesanpedro.com.ar\/sitio\/wp-json\/wp\/v2\/tags?post=89238"}],"curies":[{"name":"wp","href":"https:\/\/api.w.org\/{rel}","templated":true}]}}