{"id":89232,"date":"2021-03-15T19:09:29","date_gmt":"2021-03-15T22:09:29","guid":{"rendered":"https:\/\/eldiariodesanpedro.com.ar\/sitio\/?p=89232"},"modified":"2021-03-15T19:09:32","modified_gmt":"2021-03-15T22:09:32","slug":"tras-una-reunion-entre-sindicatos-y-el-ejecutivo-solo-ate-no-acepto-la-propuesta","status":"publish","type":"post","link":"https:\/\/eldiariodesanpedro.com.ar\/sitio\/tras-una-reunion-entre-sindicatos-y-el-ejecutivo-solo-ate-no-acepto-la-propuesta\/","title":{"rendered":"Tras una reuni\u00f3n entre sindicatos y el ejecutivo solo ATE no acepto la propuesta"},"content":{"rendered":"<!-- VideographyWP Plugin Message: Automatic video embedding prevented by plugin options. -->\n\n<p>Este lunes se realizo una reuni\u00f3n como estaba prevista entre el Ejecutivo Municipal y los sindicatos para tratar de llegar a un acuerdo de aumento salarial para los empleados y dos de los tres sindicatos estuvieron de acuerdo al porcentaje ofrecido.<\/p>\n\n\n\n<p>Se llevo a cabo la paritaria para el aumento de sueldo de los empleados municipales con un ofrecimiento oficial de 33,4% que ser\u00e1 abonado en cuatro cuotas durante este a\u00f1o.<\/p>\n\n\n\n<p>Recordemos que ya hab\u00edan recibido un 3,4% en el primer trimestre y en esta oportunidad se les ofreci\u00f3 un 30 % mas que da el total oficializado.<\/p>\n\n\n\n<p>El Sindicato de Empleados Municipales y la Uni\u00f3n de Personal Civil de la Naci\u00f3n aceptaron la propuesta pero el sindicato de ATE San Pedro se neg\u00f3 teniendo en cuenta que ellos exigen que la ultima cuota en vez de ser pagada en octubre sea abonada el mes de septiembre. <\/p>\n\n\n\n<p>Teniendo en cuenta la solicitud de ATE la negociaciones ingresaron a un cuarto intermedio pero el ejecutivo aun mantiene su postura.<\/p>\n","protected":false},"excerpt":{"rendered":"<p>Este lunes se realizo una reuni\u00f3n como estaba prevista entre el Ejecutivo Municipal y los sindicatos para tratar de llegar a un acuerdo de aumento salarial para los empleados y dos de los tres sindicatos estuvieron de acuerdo al porcentaje ofrecido. Se llevo a cabo la paritaria para el aumento de sueldo de los empleados [&hellip;]<\/p>\n","protected":false},"author":4,"featured_media":72151,"comment_status":"open","ping_status":"closed","sticky":false,"template":"","format":"standard","meta":{"om_disable_all_campaigns":false,"_jetpack_memberships_contains_paid_content":false,"footnotes":""},"categories":[2],"tags":[],"class_list":["post-89232","post","type-post","status-publish","format-standard","has-post-thumbnail","hentry","category-locales"],"aioseo_notices":[],"gutentor_comment":0,"jetpack_featured_media_url":"https:\/\/eldiariodesanpedro.com.ar\/sitio\/wp-content\/uploads\/2020\/04\/Municipalidad.jpg","jetpack_shortlink":"https:\/\/wp.me\/p6RhLt-nde","jetpack_sharing_enabled":true,"_links":{"self":[{"href":"https:\/\/eldiariodesanpedro.com.ar\/sitio\/wp-json\/wp\/v2\/posts\/89232","targetHints":{"allow":["GET"]}}],"collection":[{"href":"https:\/\/eldiariodesanpedro.com.ar\/sitio\/wp-json\/wp\/v2\/posts"}],"about":[{"href":"https:\/\/eldiariodesanpedro.com.ar\/sitio\/wp-json\/wp\/v2\/types\/post"}],"author":[{"embeddable":true,"href":"https:\/\/eldiariodesanpedro.com.ar\/sitio\/wp-json\/wp\/v2\/users\/4"}],"replies":[{"embeddable":true,"href":"https:\/\/eldiariodesanpedro.com.ar\/sitio\/wp-json\/wp\/v2\/comments?post=89232"}],"version-history":[{"count":1,"href":"https:\/\/eldiariodesanpedro.com.ar\/sitio\/wp-json\/wp\/v2\/posts\/89232\/revisions"}],"predecessor-version":[{"id":89233,"href":"https:\/\/eldiariodesanpedro.com.ar\/sitio\/wp-json\/wp\/v2\/posts\/89232\/revisions\/89233"}],"wp:featuredmedia":[{"embeddable":true,"href":"https:\/\/eldiariodesanpedro.com.ar\/sitio\/wp-json\/wp\/v2\/media\/72151"}],"wp:attachment":[{"href":"https:\/\/eldiariodesanpedro.com.ar\/sitio\/wp-json\/wp\/v2\/media?parent=89232"}],"wp:term":[{"taxonomy":"category","embeddable":true,"href":"https:\/\/eldiariodesanpedro.com.ar\/sitio\/wp-json\/wp\/v2\/categories?post=89232"},{"taxonomy":"post_tag","embeddable":true,"href":"https:\/\/eldiariodesanpedro.com.ar\/sitio\/wp-json\/wp\/v2\/tags?post=89232"}],"curies":[{"name":"wp","href":"https:\/\/api.w.org\/{rel}","templated":true}]}}