{"id":89226,"date":"2021-03-15T18:31:08","date_gmt":"2021-03-15T21:31:08","guid":{"rendered":"https:\/\/eldiariodesanpedro.com.ar\/sitio\/?p=89226"},"modified":"2021-03-15T18:31:14","modified_gmt":"2021-03-15T21:31:14","slug":"desarrollo-economico-y-una-productiva-jornada-en-santa-lucia","status":"publish","type":"post","link":"https:\/\/eldiariodesanpedro.com.ar\/sitio\/desarrollo-economico-y-una-productiva-jornada-en-santa-lucia\/","title":{"rendered":"Desarrollo Econ\u00f3mico y una productiva jornada en Santa Luc\u00eda"},"content":{"rendered":"<!-- VideographyWP Plugin Message: Automatic video embedding prevented by plugin options. -->\n\n<p>Tal como hab\u00eda sido anticipado, un equipo de la Secretar\u00eda de Desarrollo Econ\u00f3mico de la Municipalidad de San Pedro visit\u00f3 la localidad de Santa Luc\u00eda y despleg\u00f3 actividades de sus diferentes \u00e1reas, en la delegaci\u00f3n, recorriendo comercios y la zona rural.<\/p>\n\n\n\n<p>El titular del \u00e1rea Alfredo Carrasco concurri\u00f3 con integrantes del equipo constituyendo \u00abun gabinete itinerante\u00bb que ya ha elaborado una agenda similar para las pr\u00f3ximas semanas, con la intenci\u00f3n de reiterar esta modalidad de manera cont\u00ednua, posibilitando que todas las inquietudes que pueden canalizarse a trav\u00e9s de esta Secretar\u00eda sean relevadas en el terreno y sin tener que desplazarse hasta San Pedro Ciudad.<\/p>\n\n\n\n<p>Carrasco se reuni\u00f3 con el Delegado Jorge Mc Inerny con quien revis\u00f3 diferentes temas de inter\u00e9s para los vecinos, emprendedores, comerciantes, productores y empresarios de Santa Luc\u00eda. Adem\u00e1s realizaron juntos una recorrida por la zona.<\/p>\n\n\n\n<p>En la delegaci\u00f3n, se recibieron consultas y gestiones para las \u00e1reas que componen la Secretar\u00eda. El 29 de marzo estar\u00e1n en R\u00edo Tala, el 12 de abril en Gobernador Castro, el 26 de abril en Vuelta de Obligado, el 10 de Mayo en Santa Luc\u00eda y en adelante continuar\u00e1n con una rotaci\u00f3n constante.<\/p>\n\n\n\n<figure class=\"wp-block-image size-large\"><img decoding=\"async\" width=\"1024\" height=\"768\" data-attachment-id=\"89228\" data-permalink=\"https:\/\/eldiariodesanpedro.com.ar\/sitio\/desarrollo-economico-y-una-productiva-jornada-en-santa-lucia\/whatsapp-image-2021-03-15-at-18-18-15-1\/\" data-orig-file=\"https:\/\/eldiariodesanpedro.com.ar\/sitio\/wp-content\/uploads\/2021\/03\/WhatsApp-Image-2021-03-15-at-18.18.15-1.jpeg\" data-orig-size=\"1040,780\" data-comments-opened=\"1\" data-image-meta=\"{&quot;aperture&quot;:&quot;0&quot;,&quot;credit&quot;:&quot;&quot;,&quot;camera&quot;:&quot;&quot;,&quot;caption&quot;:&quot;&quot;,&quot;created_timestamp&quot;:&quot;0&quot;,&quot;copyright&quot;:&quot;&quot;,&quot;focal_length&quot;:&quot;0&quot;,&quot;iso&quot;:&quot;0&quot;,&quot;shutter_speed&quot;:&quot;0&quot;,&quot;title&quot;:&quot;&quot;,&quot;orientation&quot;:&quot;0&quot;}\" data-image-title=\"WhatsApp Image 2021-03-15 at 18.18.15 (1)\" data-image-description=\"\" data-image-caption=\"\" data-large-file=\"https:\/\/eldiariodesanpedro.com.ar\/sitio\/wp-content\/uploads\/2021\/03\/WhatsApp-Image-2021-03-15-at-18.18.15-1-1024x768.jpeg\" data-src=\"https:\/\/eldiariodesanpedro.com.ar\/sitio\/wp-content\/uploads\/2021\/03\/WhatsApp-Image-2021-03-15-at-18.18.15-1-1024x768.jpeg\" alt=\"\" class=\"wp-image-89228 lazyload\" data-srcset=\"https:\/\/eldiariodesanpedro.com.ar\/sitio\/wp-content\/uploads\/2021\/03\/WhatsApp-Image-2021-03-15-at-18.18.15-1-1024x768.jpeg 1024w, https:\/\/eldiariodesanpedro.com.ar\/sitio\/wp-content\/uploads\/2021\/03\/WhatsApp-Image-2021-03-15-at-18.18.15-1-300x225.jpeg 300w, https:\/\/eldiariodesanpedro.com.ar\/sitio\/wp-content\/uploads\/2021\/03\/WhatsApp-Image-2021-03-15-at-18.18.15-1-768x576.jpeg 768w, https:\/\/eldiariodesanpedro.com.ar\/sitio\/wp-content\/uploads\/2021\/03\/WhatsApp-Image-2021-03-15-at-18.18.15-1-500x375.jpeg 500w, https:\/\/eldiariodesanpedro.com.ar\/sitio\/wp-content\/uploads\/2021\/03\/WhatsApp-Image-2021-03-15-at-18.18.15-1.jpeg 1040w\" data-sizes=\"(max-width: 1024px) 100vw, 1024px\" src=\"data:image\/svg+xml;base64,PHN2ZyB3aWR0aD0iMSIgaGVpZ2h0PSIxIiB4bWxucz0iaHR0cDovL3d3dy53My5vcmcvMjAwMC9zdmciPjwvc3ZnPg==\" style=\"--smush-placeholder-width: 1024px; --smush-placeholder-aspect-ratio: 1024\/768;\" \/><\/figure>\n","protected":false},"excerpt":{"rendered":"<p>Tal como hab\u00eda sido anticipado, un equipo de la Secretar\u00eda de Desarrollo Econ\u00f3mico de la Municipalidad de San Pedro visit\u00f3 la localidad de Santa Luc\u00eda y despleg\u00f3 actividades de sus diferentes \u00e1reas, en la delegaci\u00f3n, recorriendo comercios y la zona rural. El titular del \u00e1rea Alfredo Carrasco concurri\u00f3 con integrantes del equipo constituyendo \u00abun gabinete [&hellip;]<\/p>\n","protected":false},"author":4,"featured_media":89227,"comment_status":"open","ping_status":"closed","sticky":false,"template":"","format":"standard","meta":{"om_disable_all_campaigns":false,"_jetpack_memberships_contains_paid_content":false,"footnotes":""},"categories":[101,2],"tags":[],"class_list":["post-89226","post","type-post","status-publish","format-standard","has-post-thumbnail","hentry","category-interes-general-locales","category-locales"],"aioseo_notices":[],"gutentor_comment":0,"jetpack_featured_media_url":"https:\/\/eldiariodesanpedro.com.ar\/sitio\/wp-content\/uploads\/2021\/03\/WhatsApp-Image-2021-03-15-at-18.18.15.jpeg","jetpack_shortlink":"https:\/\/wp.me\/p6RhLt-nd8","jetpack_sharing_enabled":true,"_links":{"self":[{"href":"https:\/\/eldiariodesanpedro.com.ar\/sitio\/wp-json\/wp\/v2\/posts\/89226","targetHints":{"allow":["GET"]}}],"collection":[{"href":"https:\/\/eldiariodesanpedro.com.ar\/sitio\/wp-json\/wp\/v2\/posts"}],"about":[{"href":"https:\/\/eldiariodesanpedro.com.ar\/sitio\/wp-json\/wp\/v2\/types\/post"}],"author":[{"embeddable":true,"href":"https:\/\/eldiariodesanpedro.com.ar\/sitio\/wp-json\/wp\/v2\/users\/4"}],"replies":[{"embeddable":true,"href":"https:\/\/eldiariodesanpedro.com.ar\/sitio\/wp-json\/wp\/v2\/comments?post=89226"}],"version-history":[{"count":1,"href":"https:\/\/eldiariodesanpedro.com.ar\/sitio\/wp-json\/wp\/v2\/posts\/89226\/revisions"}],"predecessor-version":[{"id":89229,"href":"https:\/\/eldiariodesanpedro.com.ar\/sitio\/wp-json\/wp\/v2\/posts\/89226\/revisions\/89229"}],"wp:featuredmedia":[{"embeddable":true,"href":"https:\/\/eldiariodesanpedro.com.ar\/sitio\/wp-json\/wp\/v2\/media\/89227"}],"wp:attachment":[{"href":"https:\/\/eldiariodesanpedro.com.ar\/sitio\/wp-json\/wp\/v2\/media?parent=89226"}],"wp:term":[{"taxonomy":"category","embeddable":true,"href":"https:\/\/eldiariodesanpedro.com.ar\/sitio\/wp-json\/wp\/v2\/categories?post=89226"},{"taxonomy":"post_tag","embeddable":true,"href":"https:\/\/eldiariodesanpedro.com.ar\/sitio\/wp-json\/wp\/v2\/tags?post=89226"}],"curies":[{"name":"wp","href":"https:\/\/api.w.org\/{rel}","templated":true}]}}