{"id":89221,"date":"2021-03-15T18:16:53","date_gmt":"2021-03-15T21:16:53","guid":{"rendered":"https:\/\/eldiariodesanpedro.com.ar\/sitio\/?p=89221"},"modified":"2021-03-15T18:16:57","modified_gmt":"2021-03-15T21:16:57","slug":"autoridades-de-salud-y-de-educacion-analizaron-los-protocolos-vigentes-con-el-regreso-de-las-clases-presenciales","status":"publish","type":"post","link":"https:\/\/eldiariodesanpedro.com.ar\/sitio\/autoridades-de-salud-y-de-educacion-analizaron-los-protocolos-vigentes-con-el-regreso-de-las-clases-presenciales\/","title":{"rendered":"Autoridades de salud y de educaci\u00f3n analizaron los protocolos vigentes con el regreso de las clases presenciales"},"content":{"rendered":"<!-- VideographyWP Plugin Message: Automatic video embedding prevented by plugin options. -->\n\n<p>En la tribuna techada del Estadio Municipal se concretaron hoy dos reuniones programadas entre representantes del sector de Salud de la Municipalidad de San Pedro y de la Jefatura Distrital de Educaci\u00f3n para repasar los puntos principales que se han venido estableciendo durante las \u00faltimas semanas para el inicio de clases en los diferentes niveles.<\/p>\n\n\n\n<p>Los encuentros, para turno ma\u00f1ana y turno tarde, fueron encabezados por los profesionales de la Secretar\u00eda de Salud y representantes de la Jefatura Distrital, y cont\u00f3 con la participaci\u00f3n de los m\u00e9dicos involucrados en la detecci\u00f3n, atenci\u00f3n y seguimiento de los casos de Covid-19, directores y profesores de establecimientos educativos y actores vinculados con las acciones preventivas y\/o de intervenci\u00f3n ante la detecci\u00f3n de situaciones de alerta.<\/p>\n\n\n\n<p>Los procedimientos informados ya est\u00e1n vigentes desde el comienzo del ciclo lectivo 2021 y el objetivo es trabajar de manera conjunta para que las actividades escolares puedan llevarse adelante con tranquilidad.<\/p>\n\n\n\n<p>Desde el Municipio y especialmente desde la Secretar\u00eda de Salud se reiter\u00f3 ante los presentes la voluntad de brindar el m\u00e1ximo acompa\u00f1amiento posible para que los docentes, los alumnos y sus familias puedan adaptarse a esta transici\u00f3n sanitaria de la mejor manera.<\/p>\n\n\n\n<figure class=\"wp-block-image size-large\"><img decoding=\"async\" width=\"515\" height=\"266\" data-attachment-id=\"89223\" data-permalink=\"https:\/\/eldiariodesanpedro.com.ar\/sitio\/autoridades-de-salud-y-de-educacion-analizaron-los-protocolos-vigentes-con-el-regreso-de-las-clases-presenciales\/whatsapp-image-2021-03-15-at-17-13-06-1\/\" data-orig-file=\"https:\/\/eldiariodesanpedro.com.ar\/sitio\/wp-content\/uploads\/2021\/03\/WhatsApp-Image-2021-03-15-at-17.13.06-1.jpeg\" data-orig-size=\"515,266\" data-comments-opened=\"1\" data-image-meta=\"{&quot;aperture&quot;:&quot;0&quot;,&quot;credit&quot;:&quot;&quot;,&quot;camera&quot;:&quot;&quot;,&quot;caption&quot;:&quot;&quot;,&quot;created_timestamp&quot;:&quot;0&quot;,&quot;copyright&quot;:&quot;&quot;,&quot;focal_length&quot;:&quot;0&quot;,&quot;iso&quot;:&quot;0&quot;,&quot;shutter_speed&quot;:&quot;0&quot;,&quot;title&quot;:&quot;&quot;,&quot;orientation&quot;:&quot;0&quot;}\" data-image-title=\"WhatsApp Image 2021-03-15 at 17.13.06 (1)\" data-image-description=\"\" data-image-caption=\"\" data-large-file=\"https:\/\/eldiariodesanpedro.com.ar\/sitio\/wp-content\/uploads\/2021\/03\/WhatsApp-Image-2021-03-15-at-17.13.06-1.jpeg\" data-src=\"https:\/\/eldiariodesanpedro.com.ar\/sitio\/wp-content\/uploads\/2021\/03\/WhatsApp-Image-2021-03-15-at-17.13.06-1.jpeg\" alt=\"\" class=\"wp-image-89223 lazyload\" data-srcset=\"https:\/\/eldiariodesanpedro.com.ar\/sitio\/wp-content\/uploads\/2021\/03\/WhatsApp-Image-2021-03-15-at-17.13.06-1.jpeg 515w, https:\/\/eldiariodesanpedro.com.ar\/sitio\/wp-content\/uploads\/2021\/03\/WhatsApp-Image-2021-03-15-at-17.13.06-1-300x155.jpeg 300w\" data-sizes=\"(max-width: 515px) 100vw, 515px\" src=\"data:image\/svg+xml;base64,PHN2ZyB3aWR0aD0iMSIgaGVpZ2h0PSIxIiB4bWxucz0iaHR0cDovL3d3dy53My5vcmcvMjAwMC9zdmciPjwvc3ZnPg==\" style=\"--smush-placeholder-width: 515px; --smush-placeholder-aspect-ratio: 515\/266;\" \/><\/figure>\n\n\n\n<figure class=\"wp-block-image size-large\"><img decoding=\"async\" width=\"651\" height=\"380\" data-attachment-id=\"89224\" data-permalink=\"https:\/\/eldiariodesanpedro.com.ar\/sitio\/autoridades-de-salud-y-de-educacion-analizaron-los-protocolos-vigentes-con-el-regreso-de-las-clases-presenciales\/whatsapp-image-2021-03-15-at-17-13-06\/\" data-orig-file=\"https:\/\/eldiariodesanpedro.com.ar\/sitio\/wp-content\/uploads\/2021\/03\/WhatsApp-Image-2021-03-15-at-17.13.06.jpeg\" data-orig-size=\"651,380\" data-comments-opened=\"1\" data-image-meta=\"{&quot;aperture&quot;:&quot;0&quot;,&quot;credit&quot;:&quot;&quot;,&quot;camera&quot;:&quot;&quot;,&quot;caption&quot;:&quot;&quot;,&quot;created_timestamp&quot;:&quot;0&quot;,&quot;copyright&quot;:&quot;&quot;,&quot;focal_length&quot;:&quot;0&quot;,&quot;iso&quot;:&quot;0&quot;,&quot;shutter_speed&quot;:&quot;0&quot;,&quot;title&quot;:&quot;&quot;,&quot;orientation&quot;:&quot;0&quot;}\" data-image-title=\"WhatsApp Image 2021-03-15 at 17.13.06\" data-image-description=\"\" data-image-caption=\"\" data-large-file=\"https:\/\/eldiariodesanpedro.com.ar\/sitio\/wp-content\/uploads\/2021\/03\/WhatsApp-Image-2021-03-15-at-17.13.06.jpeg\" data-src=\"https:\/\/eldiariodesanpedro.com.ar\/sitio\/wp-content\/uploads\/2021\/03\/WhatsApp-Image-2021-03-15-at-17.13.06.jpeg\" alt=\"\" class=\"wp-image-89224 lazyload\" data-srcset=\"https:\/\/eldiariodesanpedro.com.ar\/sitio\/wp-content\/uploads\/2021\/03\/WhatsApp-Image-2021-03-15-at-17.13.06.jpeg 651w, https:\/\/eldiariodesanpedro.com.ar\/sitio\/wp-content\/uploads\/2021\/03\/WhatsApp-Image-2021-03-15-at-17.13.06-300x175.jpeg 300w\" data-sizes=\"(max-width: 651px) 100vw, 651px\" src=\"data:image\/svg+xml;base64,PHN2ZyB3aWR0aD0iMSIgaGVpZ2h0PSIxIiB4bWxucz0iaHR0cDovL3d3dy53My5vcmcvMjAwMC9zdmciPjwvc3ZnPg==\" style=\"--smush-placeholder-width: 651px; --smush-placeholder-aspect-ratio: 651\/380;\" \/><\/figure>\n","protected":false},"excerpt":{"rendered":"<p>En la tribuna techada del Estadio Municipal se concretaron hoy dos reuniones programadas entre representantes del sector de Salud de la Municipalidad de San Pedro y de la Jefatura Distrital de Educaci\u00f3n para repasar los puntos principales que se han venido estableciendo durante las \u00faltimas semanas para el inicio de clases en los diferentes niveles. [&hellip;]<\/p>\n","protected":false},"author":4,"featured_media":89222,"comment_status":"open","ping_status":"closed","sticky":false,"template":"","format":"standard","meta":{"om_disable_all_campaigns":false,"_jetpack_memberships_contains_paid_content":false,"footnotes":""},"categories":[101,2],"tags":[],"class_list":["post-89221","post","type-post","status-publish","format-standard","has-post-thumbnail","hentry","category-interes-general-locales","category-locales"],"aioseo_notices":[],"gutentor_comment":0,"jetpack_featured_media_url":"https:\/\/eldiariodesanpedro.com.ar\/sitio\/wp-content\/uploads\/2021\/03\/WhatsApp-Image-2021-03-15-at-17.13.05.jpeg","jetpack_shortlink":"https:\/\/wp.me\/p6RhLt-nd3","jetpack_sharing_enabled":true,"_links":{"self":[{"href":"https:\/\/eldiariodesanpedro.com.ar\/sitio\/wp-json\/wp\/v2\/posts\/89221","targetHints":{"allow":["GET"]}}],"collection":[{"href":"https:\/\/eldiariodesanpedro.com.ar\/sitio\/wp-json\/wp\/v2\/posts"}],"about":[{"href":"https:\/\/eldiariodesanpedro.com.ar\/sitio\/wp-json\/wp\/v2\/types\/post"}],"author":[{"embeddable":true,"href":"https:\/\/eldiariodesanpedro.com.ar\/sitio\/wp-json\/wp\/v2\/users\/4"}],"replies":[{"embeddable":true,"href":"https:\/\/eldiariodesanpedro.com.ar\/sitio\/wp-json\/wp\/v2\/comments?post=89221"}],"version-history":[{"count":1,"href":"https:\/\/eldiariodesanpedro.com.ar\/sitio\/wp-json\/wp\/v2\/posts\/89221\/revisions"}],"predecessor-version":[{"id":89225,"href":"https:\/\/eldiariodesanpedro.com.ar\/sitio\/wp-json\/wp\/v2\/posts\/89221\/revisions\/89225"}],"wp:featuredmedia":[{"embeddable":true,"href":"https:\/\/eldiariodesanpedro.com.ar\/sitio\/wp-json\/wp\/v2\/media\/89222"}],"wp:attachment":[{"href":"https:\/\/eldiariodesanpedro.com.ar\/sitio\/wp-json\/wp\/v2\/media?parent=89221"}],"wp:term":[{"taxonomy":"category","embeddable":true,"href":"https:\/\/eldiariodesanpedro.com.ar\/sitio\/wp-json\/wp\/v2\/categories?post=89221"},{"taxonomy":"post_tag","embeddable":true,"href":"https:\/\/eldiariodesanpedro.com.ar\/sitio\/wp-json\/wp\/v2\/tags?post=89221"}],"curies":[{"name":"wp","href":"https:\/\/api.w.org\/{rel}","templated":true}]}}