{"id":89212,"date":"2021-03-15T17:56:19","date_gmt":"2021-03-15T20:56:19","guid":{"rendered":"https:\/\/eldiariodesanpedro.com.ar\/sitio\/?p=89212"},"modified":"2021-03-15T17:56:23","modified_gmt":"2021-03-15T20:56:23","slug":"zarate-a-partir-de-hoy-se-abre-el-transito-vehicular-en-todo-el-sector-de-la-costanera","status":"publish","type":"post","link":"https:\/\/eldiariodesanpedro.com.ar\/sitio\/zarate-a-partir-de-hoy-se-abre-el-transito-vehicular-en-todo-el-sector-de-la-costanera\/","title":{"rendered":"Z\u00c1RATE | A partir de hoy se abre el tr\u00e1nsito vehicular en todo el sector de la Costanera"},"content":{"rendered":"<!-- VideographyWP Plugin Message: Automatic video embedding prevented by plugin options. -->\n\n<p>El Municipio de Z\u00e1rate informa a la comunidad sobre la apertura al transito vehicular en costanera, precisamente, en todo el sector que comprende el paseo de la ribera, sitio que hasta las \u00faltimas horas del domingo fue utilizado por la ciudadan\u00eda como un circuito recreativo y seguro.<\/p>\n\n\n\n<p>Desde hoy, a las 08:00, se volvi\u00f3 a habilitar el transito vehicular, por lo cual, el estado municipal insta a los conductores que se desplacen por este espacio, a hacerlo con m\u00e1xima responsabilidad y precauci\u00f3n, para continuar cuid\u00e1ndonos entre todos.<\/p>\n\n\n\n<p>Adem\u00e1s, el Departamento Ejecutivo comunica que se profundizar\u00e1n los operativos diarios y la presencia de agentes municipales para controlar y garantizar, el normal desarrollo del tr\u00e1nsito en la zona.<\/p>\n\n\n\n<p>Fuente: <a href=\"https:\/\/impactolocal.com.ar\/2021\/03\/15\/a-partir-de-hoy-se-abre-el-transito-vehicular-todo-el-sector-de-la-costanera\/\">Impacto Local<\/a><\/p>\n","protected":false},"excerpt":{"rendered":"<p>El Municipio de Z\u00e1rate informa a la comunidad sobre la apertura al transito vehicular en costanera, precisamente, en todo el sector que comprende el paseo de la ribera, sitio que hasta las \u00faltimas horas del domingo fue utilizado por la ciudadan\u00eda como un circuito recreativo y seguro. Desde hoy, a las 08:00, se volvi\u00f3 a [&hellip;]<\/p>\n","protected":false},"author":4,"featured_media":89213,"comment_status":"open","ping_status":"closed","sticky":false,"template":"","format":"standard","meta":{"om_disable_all_campaigns":false,"_jetpack_memberships_contains_paid_content":false,"footnotes":""},"categories":[621],"tags":[],"class_list":["post-89212","post","type-post","status-publish","format-standard","has-post-thumbnail","hentry","category-regionales"],"aioseo_notices":[],"gutentor_comment":0,"jetpack_featured_media_url":"https:\/\/eldiariodesanpedro.com.ar\/sitio\/wp-content\/uploads\/2021\/03\/costanera-sur-zarate.jpg","jetpack_shortlink":"https:\/\/wp.me\/p6RhLt-ncU","jetpack_sharing_enabled":true,"_links":{"self":[{"href":"https:\/\/eldiariodesanpedro.com.ar\/sitio\/wp-json\/wp\/v2\/posts\/89212","targetHints":{"allow":["GET"]}}],"collection":[{"href":"https:\/\/eldiariodesanpedro.com.ar\/sitio\/wp-json\/wp\/v2\/posts"}],"about":[{"href":"https:\/\/eldiariodesanpedro.com.ar\/sitio\/wp-json\/wp\/v2\/types\/post"}],"author":[{"embeddable":true,"href":"https:\/\/eldiariodesanpedro.com.ar\/sitio\/wp-json\/wp\/v2\/users\/4"}],"replies":[{"embeddable":true,"href":"https:\/\/eldiariodesanpedro.com.ar\/sitio\/wp-json\/wp\/v2\/comments?post=89212"}],"version-history":[{"count":1,"href":"https:\/\/eldiariodesanpedro.com.ar\/sitio\/wp-json\/wp\/v2\/posts\/89212\/revisions"}],"predecessor-version":[{"id":89214,"href":"https:\/\/eldiariodesanpedro.com.ar\/sitio\/wp-json\/wp\/v2\/posts\/89212\/revisions\/89214"}],"wp:featuredmedia":[{"embeddable":true,"href":"https:\/\/eldiariodesanpedro.com.ar\/sitio\/wp-json\/wp\/v2\/media\/89213"}],"wp:attachment":[{"href":"https:\/\/eldiariodesanpedro.com.ar\/sitio\/wp-json\/wp\/v2\/media?parent=89212"}],"wp:term":[{"taxonomy":"category","embeddable":true,"href":"https:\/\/eldiariodesanpedro.com.ar\/sitio\/wp-json\/wp\/v2\/categories?post=89212"},{"taxonomy":"post_tag","embeddable":true,"href":"https:\/\/eldiariodesanpedro.com.ar\/sitio\/wp-json\/wp\/v2\/tags?post=89212"}],"curies":[{"name":"wp","href":"https:\/\/api.w.org\/{rel}","templated":true}]}}