{"id":89209,"date":"2021-03-15T17:54:43","date_gmt":"2021-03-15T20:54:43","guid":{"rendered":"https:\/\/eldiariodesanpedro.com.ar\/sitio\/?p=89209"},"modified":"2021-03-15T17:54:52","modified_gmt":"2021-03-15T20:54:52","slug":"ypf-sube-desde-este-martes-los-precios-de-la-nafta-y-el-gasoil-hasta-un-7","status":"publish","type":"post","link":"https:\/\/eldiariodesanpedro.com.ar\/sitio\/ypf-sube-desde-este-martes-los-precios-de-la-nafta-y-el-gasoil-hasta-un-7\/","title":{"rendered":"YPF sube desde este martes los precios de la nafta y el gasoil hasta un 7%"},"content":{"rendered":"<!-- VideographyWP Plugin Message: Automatic video embedding prevented by plugin options. -->\n\n<p>Con el objetico de mejorar la rentabilidad de la compa\u00f1\u00eda, que estuvo afectada por la devaluaci\u00f3n, la inflaci\u00f3n y la suba del valor del barril de petr\u00f3leo, YPF subir\u00e1 desde este martes los precios de la nafta y el gasoil entre un 6 y un 7%. Se espera que luego, el resto de las marcas de estaciones de servicio (Shell, Axion y Puma Energy) acompa\u00f1en la iniciativa.<\/p>\n\n\n\n<p>Este ser\u00e1 el quinto aumento de precios en lo que va del a\u00f1o y que acumulan incrementos del 11%. Pero, como ya anticip\u00f3 YPF la semana pasada, no ser\u00e1 el \u00faltimo, ya que se espera que las subas acumular\u00e1n un 15% en los pr\u00f3ximos tres meses y se sumar\u00e1n los 3 puntos porcentuales correspondientes a un ajuste en los impuestos. Ser\u00e1n tres subas mensuales hasta mayo y despu\u00e9s no habr\u00e1 incrementos en lo que resta del a\u00f1o, se inform\u00f3.<\/p>\n\n\n\n<p>Entre agosto y febrero, los combustibles ya subieron un 40% en los surtidores porte\u00f1os. El CEO de YPF, Sergio Affronti, aclar\u00f3 que de ese ajuste, solo un alza de 14% estuvo explicado por la recomposici\u00f3n de margen de ganancias de las empresas. El 21% restante se debi\u00f3 al aumento del impuesto a los combustibles y a la suba del precio de biocombustibles, que se utiliza para cortar el petr\u00f3leo en la refinaci\u00f3n.<\/p>\n\n\n\n<p>De acuerdo con los datos de C\u00e1mara de Entidades de Comercio de Hidrocarburos (Cecha), que nuclea a 5.000 estaciones de servicio de todo el pa\u00eds, en enero, la venta de naftas cay\u00f3 un 5,3% en comparaci\u00f3n con diciembre y acumula una ca\u00edda de 17,3% en comparaci\u00f3n con febrero de 2020, el mes previo a las medidas que restringieron la circulaci\u00f3n. En el caso del gasoil, la baja fue mayor: 7,7% en comparaci\u00f3n a diciembre y un 15% contra febrero 2020.<\/p>\n\n\n\n<p>Sin embargo, el Gobierno mira de reojo esta suba, ya que los fabricantes de alimentos alertaron que esto afecta sus costos log\u00edsticos y aporta en la suba de precios en general. Es decir, repercutir\u00e1 fuerte en la inflaci\u00f3n de los pr\u00f3ximos meses, que ya tuvo un inicio de a\u00f1o caliente con 7,8% entre enero y febrero. (DIB) FD<\/p>\n","protected":false},"excerpt":{"rendered":"<p>Con el objetico de mejorar la rentabilidad de la compa\u00f1\u00eda, que estuvo afectada por la devaluaci\u00f3n, la inflaci\u00f3n y la suba del valor del barril de petr\u00f3leo, YPF subir\u00e1 desde este martes los precios de la nafta y el gasoil entre un 6 y un 7%. Se espera que luego, el resto de las marcas [&hellip;]<\/p>\n","protected":false},"author":4,"featured_media":89210,"comment_status":"open","ping_status":"closed","sticky":false,"template":"","format":"standard","meta":{"om_disable_all_campaigns":false,"_jetpack_memberships_contains_paid_content":false,"footnotes":""},"categories":[621],"tags":[],"class_list":["post-89209","post","type-post","status-publish","format-standard","has-post-thumbnail","hentry","category-regionales"],"aioseo_notices":[],"gutentor_comment":0,"jetpack_featured_media_url":"https:\/\/eldiariodesanpedro.com.ar\/sitio\/wp-content\/uploads\/2021\/03\/YPF-Combustibles.jpg","jetpack_shortlink":"https:\/\/wp.me\/p6RhLt-ncR","jetpack_sharing_enabled":true,"_links":{"self":[{"href":"https:\/\/eldiariodesanpedro.com.ar\/sitio\/wp-json\/wp\/v2\/posts\/89209","targetHints":{"allow":["GET"]}}],"collection":[{"href":"https:\/\/eldiariodesanpedro.com.ar\/sitio\/wp-json\/wp\/v2\/posts"}],"about":[{"href":"https:\/\/eldiariodesanpedro.com.ar\/sitio\/wp-json\/wp\/v2\/types\/post"}],"author":[{"embeddable":true,"href":"https:\/\/eldiariodesanpedro.com.ar\/sitio\/wp-json\/wp\/v2\/users\/4"}],"replies":[{"embeddable":true,"href":"https:\/\/eldiariodesanpedro.com.ar\/sitio\/wp-json\/wp\/v2\/comments?post=89209"}],"version-history":[{"count":1,"href":"https:\/\/eldiariodesanpedro.com.ar\/sitio\/wp-json\/wp\/v2\/posts\/89209\/revisions"}],"predecessor-version":[{"id":89211,"href":"https:\/\/eldiariodesanpedro.com.ar\/sitio\/wp-json\/wp\/v2\/posts\/89209\/revisions\/89211"}],"wp:featuredmedia":[{"embeddable":true,"href":"https:\/\/eldiariodesanpedro.com.ar\/sitio\/wp-json\/wp\/v2\/media\/89210"}],"wp:attachment":[{"href":"https:\/\/eldiariodesanpedro.com.ar\/sitio\/wp-json\/wp\/v2\/media?parent=89209"}],"wp:term":[{"taxonomy":"category","embeddable":true,"href":"https:\/\/eldiariodesanpedro.com.ar\/sitio\/wp-json\/wp\/v2\/categories?post=89209"},{"taxonomy":"post_tag","embeddable":true,"href":"https:\/\/eldiariodesanpedro.com.ar\/sitio\/wp-json\/wp\/v2\/tags?post=89209"}],"curies":[{"name":"wp","href":"https:\/\/api.w.org\/{rel}","templated":true}]}}