{"id":89197,"date":"2021-03-15T17:41:19","date_gmt":"2021-03-15T20:41:19","guid":{"rendered":"https:\/\/eldiariodesanpedro.com.ar\/sitio\/?p=89197"},"modified":"2021-03-15T17:41:29","modified_gmt":"2021-03-15T20:41:29","slug":"cecilio-salazar-firmo-una-solicitada-apoyando-a-maximo-kirchner","status":"publish","type":"post","link":"https:\/\/eldiariodesanpedro.com.ar\/sitio\/cecilio-salazar-firmo-una-solicitada-apoyando-a-maximo-kirchner\/","title":{"rendered":"Cecilio Salazar firmo una solicitada apoyando a M\u00e1ximo Kirchner"},"content":{"rendered":"<!-- VideographyWP Plugin Message: Automatic video embedding prevented by plugin options. -->\n\n<p>El intendente Cecilio Salazar de nuestra ciudad junto a otros concejales y jefes comunales de la segunda secci\u00f3n electoral firmaron una solicitada en apoyo a el hijo de la ex presidenta Cristina Kirchner para postularse al cargo del l\u00edder del PJ Bonaerense.<\/p>\n\n\n\n<p>\u00abLos abajo firmantes, Intendentes, Legisladorxs y Concejalxs de la segunda secci\u00f3n electoral apoyamos y acompa\u00f1amos la candidatura del compa\u00f1ero M\u00e1ximo Kirchner como Presidente del Partido Justicialista de la Provincia de Buenos Aires, entendemos que cuenta con demostrada capacidad y convicciones necesarias como para fortalecer desde la conducci\u00f3n del PJ el imprescindible acompa\u00f1amiento a nuestro Gobierno, para avanzar en los prop\u00f3sitos permanentes del peronismo\u00bb dice parte del escrito.<\/p>\n","protected":false},"excerpt":{"rendered":"<p>El intendente Cecilio Salazar de nuestra ciudad junto a otros concejales y jefes comunales de la segunda secci\u00f3n electoral firmaron una solicitada en apoyo a el hijo de la ex presidenta Cristina Kirchner para postularse al cargo del l\u00edder del PJ Bonaerense. \u00abLos abajo firmantes, Intendentes, Legisladorxs y Concejalxs de la segunda secci\u00f3n electoral apoyamos [&hellip;]<\/p>\n","protected":false},"author":4,"featured_media":89207,"comment_status":"open","ping_status":"closed","sticky":false,"template":"","format":"standard","meta":{"om_disable_all_campaigns":false,"_jetpack_memberships_contains_paid_content":false,"footnotes":""},"categories":[101,2],"tags":[],"class_list":["post-89197","post","type-post","status-publish","format-standard","has-post-thumbnail","hentry","category-interes-general-locales","category-locales"],"aioseo_notices":[],"gutentor_comment":0,"jetpack_featured_media_url":"https:\/\/eldiariodesanpedro.com.ar\/sitio\/wp-content\/uploads\/2021\/03\/1615671859250.jpg","jetpack_shortlink":"https:\/\/wp.me\/p6RhLt-ncF","jetpack_sharing_enabled":true,"_links":{"self":[{"href":"https:\/\/eldiariodesanpedro.com.ar\/sitio\/wp-json\/wp\/v2\/posts\/89197","targetHints":{"allow":["GET"]}}],"collection":[{"href":"https:\/\/eldiariodesanpedro.com.ar\/sitio\/wp-json\/wp\/v2\/posts"}],"about":[{"href":"https:\/\/eldiariodesanpedro.com.ar\/sitio\/wp-json\/wp\/v2\/types\/post"}],"author":[{"embeddable":true,"href":"https:\/\/eldiariodesanpedro.com.ar\/sitio\/wp-json\/wp\/v2\/users\/4"}],"replies":[{"embeddable":true,"href":"https:\/\/eldiariodesanpedro.com.ar\/sitio\/wp-json\/wp\/v2\/comments?post=89197"}],"version-history":[{"count":1,"href":"https:\/\/eldiariodesanpedro.com.ar\/sitio\/wp-json\/wp\/v2\/posts\/89197\/revisions"}],"predecessor-version":[{"id":89208,"href":"https:\/\/eldiariodesanpedro.com.ar\/sitio\/wp-json\/wp\/v2\/posts\/89197\/revisions\/89208"}],"wp:featuredmedia":[{"embeddable":true,"href":"https:\/\/eldiariodesanpedro.com.ar\/sitio\/wp-json\/wp\/v2\/media\/89207"}],"wp:attachment":[{"href":"https:\/\/eldiariodesanpedro.com.ar\/sitio\/wp-json\/wp\/v2\/media?parent=89197"}],"wp:term":[{"taxonomy":"category","embeddable":true,"href":"https:\/\/eldiariodesanpedro.com.ar\/sitio\/wp-json\/wp\/v2\/categories?post=89197"},{"taxonomy":"post_tag","embeddable":true,"href":"https:\/\/eldiariodesanpedro.com.ar\/sitio\/wp-json\/wp\/v2\/tags?post=89197"}],"curies":[{"name":"wp","href":"https:\/\/api.w.org\/{rel}","templated":true}]}}