{"id":89194,"date":"2021-03-15T12:53:16","date_gmt":"2021-03-15T15:53:16","guid":{"rendered":"https:\/\/eldiariodesanpedro.com.ar\/sitio\/?p=89194"},"modified":"2021-03-15T12:53:20","modified_gmt":"2021-03-15T15:53:20","slug":"ramallo-desalojaron-a-los-trabajadores-de-la-sede-del-sindicato-de-la-carne","status":"publish","type":"post","link":"https:\/\/eldiariodesanpedro.com.ar\/sitio\/ramallo-desalojaron-a-los-trabajadores-de-la-sede-del-sindicato-de-la-carne\/","title":{"rendered":"RAMALLO | Desalojaron a los trabajadores de la sede del Sindicato de la Carne"},"content":{"rendered":"<!-- VideographyWP Plugin Message: Automatic video embedding prevented by plugin options. -->\n\n<p>Los trabajadores que manten\u00edan la toma del Sindicato de la Carne en P\u00e9rez Mill\u00e1n fueron desalojados este viernes por orden judicial.<\/p>\n\n\n\n<p>La comisi\u00f3n directiva actual, a la que los trabajadores desconocen, realiz\u00f3 una denuncia en la justicia, que aval\u00f3 su pedido y deber\u00e1 ser restituido.<\/p>\n\n\n\n<p>En tanto, las protestas contin\u00faan en la calle, donde los trabajadores montaron una carpa y realizaron una olla popular.<\/p>\n\n\n\n<p>Fuente: <a href=\"http:\/\/www.ramallociudad.com.ar\/nota.asp?id=162362&amp;t=Desalojaron-a-los-trabajadores-de-la-sede-del-Sindicato-de-la-Carne\">Ramallo Ciudad<\/a><\/p>\n","protected":false},"excerpt":{"rendered":"<p>Los trabajadores que manten\u00edan la toma del Sindicato de la Carne en P\u00e9rez Mill\u00e1n fueron desalojados este viernes por orden judicial. La comisi\u00f3n directiva actual, a la que los trabajadores desconocen, realiz\u00f3 una denuncia en la justicia, que aval\u00f3 su pedido y deber\u00e1 ser restituido. En tanto, las protestas contin\u00faan en la calle, donde los [&hellip;]<\/p>\n","protected":false},"author":4,"featured_media":89195,"comment_status":"open","ping_status":"closed","sticky":false,"template":"","format":"standard","meta":{"om_disable_all_campaigns":false,"_jetpack_memberships_contains_paid_content":false,"footnotes":""},"categories":[621],"tags":[],"class_list":["post-89194","post","type-post","status-publish","format-standard","has-post-thumbnail","hentry","category-regionales"],"aioseo_notices":[],"gutentor_comment":0,"jetpack_featured_media_url":"https:\/\/eldiariodesanpedro.com.ar\/sitio\/wp-content\/uploads\/2021\/03\/bbx_416242957_1_toma_carne.jpg","jetpack_shortlink":"https:\/\/wp.me\/p6RhLt-ncC","jetpack_sharing_enabled":true,"_links":{"self":[{"href":"https:\/\/eldiariodesanpedro.com.ar\/sitio\/wp-json\/wp\/v2\/posts\/89194","targetHints":{"allow":["GET"]}}],"collection":[{"href":"https:\/\/eldiariodesanpedro.com.ar\/sitio\/wp-json\/wp\/v2\/posts"}],"about":[{"href":"https:\/\/eldiariodesanpedro.com.ar\/sitio\/wp-json\/wp\/v2\/types\/post"}],"author":[{"embeddable":true,"href":"https:\/\/eldiariodesanpedro.com.ar\/sitio\/wp-json\/wp\/v2\/users\/4"}],"replies":[{"embeddable":true,"href":"https:\/\/eldiariodesanpedro.com.ar\/sitio\/wp-json\/wp\/v2\/comments?post=89194"}],"version-history":[{"count":1,"href":"https:\/\/eldiariodesanpedro.com.ar\/sitio\/wp-json\/wp\/v2\/posts\/89194\/revisions"}],"predecessor-version":[{"id":89196,"href":"https:\/\/eldiariodesanpedro.com.ar\/sitio\/wp-json\/wp\/v2\/posts\/89194\/revisions\/89196"}],"wp:featuredmedia":[{"embeddable":true,"href":"https:\/\/eldiariodesanpedro.com.ar\/sitio\/wp-json\/wp\/v2\/media\/89195"}],"wp:attachment":[{"href":"https:\/\/eldiariodesanpedro.com.ar\/sitio\/wp-json\/wp\/v2\/media?parent=89194"}],"wp:term":[{"taxonomy":"category","embeddable":true,"href":"https:\/\/eldiariodesanpedro.com.ar\/sitio\/wp-json\/wp\/v2\/categories?post=89194"},{"taxonomy":"post_tag","embeddable":true,"href":"https:\/\/eldiariodesanpedro.com.ar\/sitio\/wp-json\/wp\/v2\/tags?post=89194"}],"curies":[{"name":"wp","href":"https:\/\/api.w.org\/{rel}","templated":true}]}}