{"id":89190,"date":"2021-03-15T12:51:28","date_gmt":"2021-03-15T15:51:28","guid":{"rendered":"https:\/\/eldiariodesanpedro.com.ar\/sitio\/?p=89190"},"modified":"2021-03-15T12:51:37","modified_gmt":"2021-03-15T15:51:37","slug":"baradero-las-vacunas-en-baradero-se-encuentran-en-perfecto-estado","status":"publish","type":"post","link":"https:\/\/eldiariodesanpedro.com.ar\/sitio\/baradero-las-vacunas-en-baradero-se-encuentran-en-perfecto-estado\/","title":{"rendered":"BARADERO | \u201cLas vacunas en Baradero se encuentran en perfecto estado\u201d"},"content":{"rendered":"<!-- VideographyWP Plugin Message: Automatic video embedding prevented by plugin options. -->\n\n<p>De esta manera lo dec\u00eda el Director General de Atenci\u00f3n Primaria y Prevenci\u00f3n de la Salud, Nicol\u00e1s Natalicchio, en cuanto a lo que es la vacunaci\u00f3n contra el coronavirus en nuestra ciudad.<br><br>\u201cAfortunadamente ya son 3621 las personas que recibieron la vacuna contra el coronavirus\u201d.<\/p>\n\n\n\n<p>\u201cExtraoficialmente sabemos que la vacuna Sputnik V lleg\u00f3 al pa\u00eds pero no tenemos todav\u00eda certeza de cu\u00e1ndo va a llegar a nuestra ciudad\u201d.<br><br>\u201cLa llegada de m\u00e1s dosis de la vacuna Sputnik V ayudar\u00eda a reanudar la aplicaci\u00f3n de la misma en adultos mayores, que es a quienes est\u00e1 destinada la misma\u201d.<\/p>\n\n\n\n<p>Fuente: <a href=\"https:\/\/tulineadirecta.com\/las-vacunas-en-baradero-se-encuentran-en-perfecto-estado\/\">Tu Linea Directa<\/a><\/p>\n\n\n\n<h1 class=\"wp-block-heading\"><a href=\"https:\/\/tulineadirecta.com\/author\/tulineadirecta1\/\"><\/a><\/h1>\n","protected":false},"excerpt":{"rendered":"<p>De esta manera lo dec\u00eda el Director General de Atenci\u00f3n Primaria y Prevenci\u00f3n de la Salud, Nicol\u00e1s Natalicchio, en cuanto a lo que es la vacunaci\u00f3n contra el coronavirus en nuestra ciudad. \u201cAfortunadamente ya son 3621 las personas que recibieron la vacuna contra el coronavirus\u201d. \u201cExtraoficialmente sabemos que la vacuna Sputnik V lleg\u00f3 al pa\u00eds [&hellip;]<\/p>\n","protected":false},"author":4,"featured_media":89191,"comment_status":"open","ping_status":"closed","sticky":false,"template":"","format":"standard","meta":{"om_disable_all_campaigns":false,"_jetpack_memberships_contains_paid_content":false,"footnotes":""},"categories":[621],"tags":[],"class_list":["post-89190","post","type-post","status-publish","format-standard","has-post-thumbnail","hentry","category-regionales"],"aioseo_notices":[],"gutentor_comment":0,"jetpack_featured_media_url":"https:\/\/eldiariodesanpedro.com.ar\/sitio\/wp-content\/uploads\/2021\/03\/vacunacion-1.jpg","jetpack_shortlink":"https:\/\/wp.me\/p6RhLt-ncy","jetpack_sharing_enabled":true,"_links":{"self":[{"href":"https:\/\/eldiariodesanpedro.com.ar\/sitio\/wp-json\/wp\/v2\/posts\/89190","targetHints":{"allow":["GET"]}}],"collection":[{"href":"https:\/\/eldiariodesanpedro.com.ar\/sitio\/wp-json\/wp\/v2\/posts"}],"about":[{"href":"https:\/\/eldiariodesanpedro.com.ar\/sitio\/wp-json\/wp\/v2\/types\/post"}],"author":[{"embeddable":true,"href":"https:\/\/eldiariodesanpedro.com.ar\/sitio\/wp-json\/wp\/v2\/users\/4"}],"replies":[{"embeddable":true,"href":"https:\/\/eldiariodesanpedro.com.ar\/sitio\/wp-json\/wp\/v2\/comments?post=89190"}],"version-history":[{"count":1,"href":"https:\/\/eldiariodesanpedro.com.ar\/sitio\/wp-json\/wp\/v2\/posts\/89190\/revisions"}],"predecessor-version":[{"id":89192,"href":"https:\/\/eldiariodesanpedro.com.ar\/sitio\/wp-json\/wp\/v2\/posts\/89190\/revisions\/89192"}],"wp:featuredmedia":[{"embeddable":true,"href":"https:\/\/eldiariodesanpedro.com.ar\/sitio\/wp-json\/wp\/v2\/media\/89191"}],"wp:attachment":[{"href":"https:\/\/eldiariodesanpedro.com.ar\/sitio\/wp-json\/wp\/v2\/media?parent=89190"}],"wp:term":[{"taxonomy":"category","embeddable":true,"href":"https:\/\/eldiariodesanpedro.com.ar\/sitio\/wp-json\/wp\/v2\/categories?post=89190"},{"taxonomy":"post_tag","embeddable":true,"href":"https:\/\/eldiariodesanpedro.com.ar\/sitio\/wp-json\/wp\/v2\/tags?post=89190"}],"curies":[{"name":"wp","href":"https:\/\/api.w.org\/{rel}","templated":true}]}}