{"id":89187,"date":"2021-03-15T12:49:32","date_gmt":"2021-03-15T15:49:32","guid":{"rendered":"https:\/\/eldiariodesanpedro.com.ar\/sitio\/?p=89187"},"modified":"2021-03-15T12:49:36","modified_gmt":"2021-03-15T15:49:36","slug":"campana-murio-el-ex-intendente-de-ibicuy-en-un-accidente-de-transito-en-ruta-6","status":"publish","type":"post","link":"https:\/\/eldiariodesanpedro.com.ar\/sitio\/campana-murio-el-ex-intendente-de-ibicuy-en-un-accidente-de-transito-en-ruta-6\/","title":{"rendered":"CAMPANA | Muri\u00f3 el ex intendente de Ibicuy en un accidente de tr\u00e1nsito en ruta 6"},"content":{"rendered":"<!-- VideographyWP Plugin Message: Automatic video embedding prevented by plugin options. -->\n\n<p>El ex intendente Fabi\u00e1n Murilla, falleci\u00f3 en la madrugada de hoy a ra\u00edz de un siniestro vial en la ruta 6, mano a Panamericana.<\/p>\n\n\n\n<p>Todo sucedi\u00f3 cuando un autom\u00f3vil Chevrolet Cobalt impact\u00f3 contra una columna, aparentemente sin otros veh\u00edculos involucrados sobre la ruta provincial 6 que une Z\u00e1rate con Campana y donde la traza vial presenta algunos tramos complejos para los conductores.<\/p>\n\n\n\n<p>El rodado era conducido por una mujer oriunda de Campana, la cual fue trasladada por SAME al hospital local y se encontrar\u00eda fuera de peligro.<\/p>\n\n\n\n<p>Tr\u00e1gicamente, su acompa\u00f1ante, fallecido en el lugar, fue identificado como Fabian Murilla, ex intendente radical de la localidad de Ibicuy hasta 2019 y ex candidato a senador provincial.<\/p>\n\n\n\n<p>En tanto, las pericias policiales, intentar averiguar las causas del accidente y descartar la participaci\u00f3n de otros veh\u00edculos. <\/p>\n\n\n\n<p>Fuente <a href=\"https:\/\/impactolocal.com.ar\/2021\/03\/15\/murio-el-ex-intendente-de-ibicuy-en-un-accidente-de-transito-en-ruta-6\/\">Impacto Local<\/a><\/p>\n","protected":false},"excerpt":{"rendered":"<p>El ex intendente Fabi\u00e1n Murilla, falleci\u00f3 en la madrugada de hoy a ra\u00edz de un siniestro vial en la ruta 6, mano a Panamericana. Todo sucedi\u00f3 cuando un autom\u00f3vil Chevrolet Cobalt impact\u00f3 contra una columna, aparentemente sin otros veh\u00edculos involucrados sobre la ruta provincial 6 que une Z\u00e1rate con Campana y donde la traza vial [&hellip;]<\/p>\n","protected":false},"author":4,"featured_media":89188,"comment_status":"open","ping_status":"closed","sticky":false,"template":"","format":"standard","meta":{"om_disable_all_campaigns":false,"_jetpack_memberships_contains_paid_content":false,"footnotes":""},"categories":[621],"tags":[],"class_list":["post-89187","post","type-post","status-publish","format-standard","has-post-thumbnail","hentry","category-regionales"],"aioseo_notices":[],"gutentor_comment":0,"jetpack_featured_media_url":"https:\/\/eldiariodesanpedro.com.ar\/sitio\/wp-content\/uploads\/2021\/03\/20210315123246.jpeg","jetpack_shortlink":"https:\/\/wp.me\/p6RhLt-ncv","jetpack_sharing_enabled":true,"_links":{"self":[{"href":"https:\/\/eldiariodesanpedro.com.ar\/sitio\/wp-json\/wp\/v2\/posts\/89187","targetHints":{"allow":["GET"]}}],"collection":[{"href":"https:\/\/eldiariodesanpedro.com.ar\/sitio\/wp-json\/wp\/v2\/posts"}],"about":[{"href":"https:\/\/eldiariodesanpedro.com.ar\/sitio\/wp-json\/wp\/v2\/types\/post"}],"author":[{"embeddable":true,"href":"https:\/\/eldiariodesanpedro.com.ar\/sitio\/wp-json\/wp\/v2\/users\/4"}],"replies":[{"embeddable":true,"href":"https:\/\/eldiariodesanpedro.com.ar\/sitio\/wp-json\/wp\/v2\/comments?post=89187"}],"version-history":[{"count":1,"href":"https:\/\/eldiariodesanpedro.com.ar\/sitio\/wp-json\/wp\/v2\/posts\/89187\/revisions"}],"predecessor-version":[{"id":89189,"href":"https:\/\/eldiariodesanpedro.com.ar\/sitio\/wp-json\/wp\/v2\/posts\/89187\/revisions\/89189"}],"wp:featuredmedia":[{"embeddable":true,"href":"https:\/\/eldiariodesanpedro.com.ar\/sitio\/wp-json\/wp\/v2\/media\/89188"}],"wp:attachment":[{"href":"https:\/\/eldiariodesanpedro.com.ar\/sitio\/wp-json\/wp\/v2\/media?parent=89187"}],"wp:term":[{"taxonomy":"category","embeddable":true,"href":"https:\/\/eldiariodesanpedro.com.ar\/sitio\/wp-json\/wp\/v2\/categories?post=89187"},{"taxonomy":"post_tag","embeddable":true,"href":"https:\/\/eldiariodesanpedro.com.ar\/sitio\/wp-json\/wp\/v2\/tags?post=89187"}],"curies":[{"name":"wp","href":"https:\/\/api.w.org\/{rel}","templated":true}]}}