{"id":89154,"date":"2021-03-15T10:38:26","date_gmt":"2021-03-15T13:38:26","guid":{"rendered":"https:\/\/eldiariodesanpedro.com.ar\/sitio\/?p=89154"},"modified":"2021-03-15T10:38:30","modified_gmt":"2021-03-15T13:38:30","slug":"quienes-y-como-se-puede-acceder-al-programa-de-cannabis-para-el-cultivo-controlado","status":"publish","type":"post","link":"https:\/\/eldiariodesanpedro.com.ar\/sitio\/quienes-y-como-se-puede-acceder-al-programa-de-cannabis-para-el-cultivo-controlado\/","title":{"rendered":"Qui\u00e9nes y c\u00f3mo se puede acceder al Programa de Cannabis para el cultivo controlado"},"content":{"rendered":"<!-- VideographyWP Plugin Message: Automatic video embedding prevented by plugin options. -->\n\n<p>El Gobierno reglament\u00f3 este viernes, a trav\u00e9s de una resoluci\u00f3n del Ministerio de Salud, el funcionamiento del Sistema de Registro del Programa de Cannabis (Reprocann), donde \u00abusuarios y usuarias de cannabis medicinal\u00bb podr\u00e1n inscribirse \u00abpor s\u00ed o a trav\u00e9s de un representante y obtener autorizaci\u00f3n para cultivar, para acceder al cultivo a trav\u00e9s una tercera persona (cultivador) o a trav\u00e9s de una organizaci\u00f3n civil autorizada a esos efectos\u00bb.<\/p>\n\n\n\n<p><strong>La resoluci\u00f3n, que lleva el n\u00famero 800\/2021, establece adem\u00e1s la derogaci\u00f3n de la resoluci\u00f3n ministerial 1537 del 21 de septiembre de 2017, que establec\u00eda una regulaci\u00f3n m\u00e1s restrictiva de la ley de Uso Medicinal del Cannabis (27.350) y que fue superada a partir de la nueva reglamentaci\u00f3n que se sancion\u00f3 en noviembre de 2020.<\/strong><\/p>\n\n\n\n<p>En adelante, Reprocann \u00abregistrar\u00e1 a los usuarios y usuarias que acceden a la planta de Cannabis y sus derivados, como tratamiento medicinal, terap\u00e9utico y\/o paliativo del dolor, a trav\u00e9s del cultivo controlado\u00bb lo que les permitir\u00e1 cultivar, o bien acceder al cultivo a trav\u00e9s de un cultivador o de organizaciones autorizadas para este fin.C\u00f3mo ser\u00e1 el sistema<\/p>\n\n\n\n<p><strong>Desde Salud se especific\u00f3 que el sistema registrar\u00e1 a las y los usuarios que cuenten con un diagn\u00f3stico e indicaci\u00f3n m\u00e9dica para que puedan acceder al cultivo controlado de la planta de cannabis como tratamiento medicinal, terap\u00e9utico y\/o paliativo del dolor.<\/strong><\/p>\n\n\n\n<p>La normativa establece que \u00ablos usuarios y usuarias que acceden a la planta de cannabis y sus derivados, los terceros cultivadores y los m\u00e9dicos tratantes deber\u00e1n contar con usuario vigente en la plataforma Argentina.gob.ar\u00bb, en tanto que la autorizaci\u00f3n que se obtiene a trav\u00e9s de la inscripci\u00f3n tendr\u00e1 vigencia de un a\u00f1o.<\/p>\n\n\n\n<p>Para solicitar esta inscripci\u00f3n, que puede realizarse en&nbsp;<a href=\"https:\/\/reprocann.salud.gob.ar\/\" target=\"_blank\" rel=\"noreferrer noopener\">https:\/\/reprocann.salud.gob.ar<\/a>, es requisito \u00abexcluyente\u00bb contar con indicaci\u00f3n m\u00e9dica de uso de cannabis y sus derivados por parte de un profesional m\u00e9dico.<\/p>\n\n\n\n<p>El coordinador del Programa Nacional de Investigaci\u00f3n sobre los Usos Medicinales del Cannabis, Marcelo Morante, explic\u00f3 que&nbsp;<strong>\u201cla resoluci\u00f3n surge como respuesta al art\u00edculo 8 insuficiente de la Ley 27.350, con el fin de ampliar o proteger derechos individuales para que quien requiera un cultivo terap\u00e9utico y el acompa\u00f1amiento m\u00e9dico lo puede hacer bajo la autorizaci\u00f3n del Ministerio de Salud de la Naci\u00f3n\u201d.<\/strong><\/p>\n\n\n\n<p>En el anexo II de la resoluci\u00f3n se autoriza el cultivo de entre una y nueve plantas florecidas, en hasta seis metros cuadrados en interior y se pueden transportar entre 1 y 6 frascos de 30 mililitros o hasta 40 gramos de flores secas.<\/p>\n\n\n\n<p>or el Presidente de la Naci\u00f3n en noviembre del a\u00f1o pasado.<\/p>\n\n\n\n<p>El Decreto 883\/2020 ampl\u00eda su utilizaci\u00f3n m\u00e1s all\u00e1 de la epilepsia refractaria, cre\u00f3 las condiciones necesarias para permitir el autocultivo controlado y sacar de la clandestinidad a muchas familias de nuestro pa\u00eds; asimismo garantiza provisi\u00f3n para pacientes, fomenta la investigaci\u00f3n y la producci\u00f3n p\u00fablica y privada de aceite y otros derivados.<\/p>\n\n\n\n<p>Por otra parte, el Ministerio de Salud junto al Instituto Nacional de Semillas (Inase) y la Administraci\u00f3n Nacional de Medicamentos, Alimentos y Tecnolog\u00eda M\u00e9dica (Anmat), se encuentran trabajando articuladamente para garantizar un acceso cada vez m\u00e1s m\u00e1s seguro, de calidad y equitativo para los y las argentinas que lo necesiten.<strong>Apoyo de las organizaciones<\/strong><\/p>\n\n\n\n<p><strong>La ONG Mam\u00e1 Cultiva<\/strong>, que preside Valeria Salech, tambi\u00e9n manifest\u00f3 su satisfacci\u00f3n por la resoluci\u00f3n y consider\u00f3 que \u201c<strong>es un paso m\u00e1s en el largo camino de lucha por la libertad de la planta y nuestro derecho a la salud\u201d.<\/strong><\/p>\n\n\n\n<p>\u201cEsta resoluci\u00f3n presenta desaf\u00edos y oportunidades de mejora, en especial en lo que refiere a las condiciones de acceso al cultivo y la necesidad de formaci\u00f3n de m\u00e9dicas y m\u00e9dicos para indicar cannabis\u201d, y destacaron \u201cque tenemos mucho que aportar, ya que somos las organizaciones y personas que cultivamos de manera solidaria quienes venimos dando respuesta a la demanda de la sociedad por el acceso justo e inclusivo a la planta, mediante el autocultivo, el cultivo solidario y el cultivo en red\u201d.<\/p>\n\n\n\n<p>Salech agreg\u00f3, por \u00faltimo, que \u201ccontinuamos trabajando colectivamente por mejores legislaciones y la integraci\u00f3n de las terapias con cannabis al sistema de salud\u201d.<\/p>\n\n\n\n<p><strong>\u201cSaludamos que finalmente se ponga en marcha el registro\u201d, dijo a T\u00e9lam Pablo Fazio, presidente de la C\u00e1mara Argentina de Cannabis (Argencann).<\/strong><\/p>\n\n\n\n<p>\u201cUn paso m\u00e1s hacia adelante realizando una puesta en marcha de manera progresiva\u201d, agreg\u00f3, y destac\u00f3 que \u201cel logro es de las organizaciones y activistas que tanto militaron por esta causa\u201d.<\/p>\n\n\n\n<p>Fazio explic\u00f3 que esta medida \u201cva a dinamizar una serie de actividades que realizan muchos de los miembros de la c\u00e1mara, como la venta de insumos, nutrientes para el cultivo, sistemas de iluminaci\u00f3n, carpas para indoor, etc\u201d.<\/p>\n\n\n\n<p>Y a\u00f1adi\u00f3 que \u201cdesde el punto de vista comercial las principales beneficiarias de la legalizaci\u00f3n de la actividad ser\u00e1n los cientos de growshops, que son el principal canal de venta de dichos productos\u201d.<\/p>\n\n\n\n<p>A estos comentarios proactivos por la creaci\u00f3n del Reprocann,\u00a0<strong>Sebasti\u00e1n Basalo, director de la revista THC<\/strong>, dedicada a noticias y cultura can\u00e1bica celebr\u00f3 que \u00abfinalmente el gobierno haya aclarado que en la nueva reglamentaci\u00f3n del autocultivo con fines medicinales se podr\u00e1 plantar al aire libre, ya que restringir el autocultivo medicinal a la modalidad \u00abindoor\u00bb hubiera sido poco realista, injusto y muy preocupante, ya que la mayor parte de los usuarios medicinales cultiva en exterior y hubiera seguido siendo criminalizada u obligada a recurrir al mercado negro\u201d.<\/p>\n\n\n\n<p><strong>\u201cEs una excelente noticia que el gobierno nacional haya puesto en marcha el registro para que las personas que cultivan cannabis medicinal para s\u00ed mismas o para otros usuarios medicinales est\u00e9n protegidas legalmente, no solo en lo que hace a su cultivo sino tambi\u00e9n a la tenencia de cannabis en la v\u00eda p\u00fablica\u00bb, explic\u00f3.<\/strong><\/p>\n\n\n\n<p>Por \u00faltimo, agreg\u00f3 que ser\u00e1 \u00abclave que el gobierno resguarde la protecci\u00f3n de los datos privados de las personas que se inscriban en ese registro\u201d.<\/p>\n\n\n\n<p>Fuente: <a href=\"https:\/\/impactolocal.com.ar\/2021\/03\/13\/quienes-y-como-se-puede-acceder-al-programa-de-cannabis-para-el-cultivo-controlado\/\">Impacto Local<\/a><\/p>\n","protected":false},"excerpt":{"rendered":"<p>El Gobierno reglament\u00f3 este viernes, a trav\u00e9s de una resoluci\u00f3n del Ministerio de Salud, el funcionamiento del Sistema de Registro del Programa de Cannabis (Reprocann), donde \u00abusuarios y usuarias de cannabis medicinal\u00bb podr\u00e1n inscribirse \u00abpor s\u00ed o a trav\u00e9s de un representante y obtener autorizaci\u00f3n para cultivar, para acceder al cultivo a trav\u00e9s una tercera [&hellip;]<\/p>\n","protected":false},"author":4,"featured_media":89155,"comment_status":"open","ping_status":"closed","sticky":false,"template":"","format":"standard","meta":{"om_disable_all_campaigns":false,"_jetpack_memberships_contains_paid_content":false,"footnotes":""},"categories":[2],"tags":[],"class_list":["post-89154","post","type-post","status-publish","format-standard","has-post-thumbnail","hentry","category-locales"],"aioseo_notices":[],"gutentor_comment":0,"jetpack_featured_media_url":"https:\/\/eldiariodesanpedro.com.ar\/sitio\/wp-content\/uploads\/2021\/03\/CANNABIS.jpg","jetpack_shortlink":"https:\/\/wp.me\/p6RhLt-nbY","jetpack_sharing_enabled":true,"_links":{"self":[{"href":"https:\/\/eldiariodesanpedro.com.ar\/sitio\/wp-json\/wp\/v2\/posts\/89154","targetHints":{"allow":["GET"]}}],"collection":[{"href":"https:\/\/eldiariodesanpedro.com.ar\/sitio\/wp-json\/wp\/v2\/posts"}],"about":[{"href":"https:\/\/eldiariodesanpedro.com.ar\/sitio\/wp-json\/wp\/v2\/types\/post"}],"author":[{"embeddable":true,"href":"https:\/\/eldiariodesanpedro.com.ar\/sitio\/wp-json\/wp\/v2\/users\/4"}],"replies":[{"embeddable":true,"href":"https:\/\/eldiariodesanpedro.com.ar\/sitio\/wp-json\/wp\/v2\/comments?post=89154"}],"version-history":[{"count":1,"href":"https:\/\/eldiariodesanpedro.com.ar\/sitio\/wp-json\/wp\/v2\/posts\/89154\/revisions"}],"predecessor-version":[{"id":89156,"href":"https:\/\/eldiariodesanpedro.com.ar\/sitio\/wp-json\/wp\/v2\/posts\/89154\/revisions\/89156"}],"wp:featuredmedia":[{"embeddable":true,"href":"https:\/\/eldiariodesanpedro.com.ar\/sitio\/wp-json\/wp\/v2\/media\/89155"}],"wp:attachment":[{"href":"https:\/\/eldiariodesanpedro.com.ar\/sitio\/wp-json\/wp\/v2\/media?parent=89154"}],"wp:term":[{"taxonomy":"category","embeddable":true,"href":"https:\/\/eldiariodesanpedro.com.ar\/sitio\/wp-json\/wp\/v2\/categories?post=89154"},{"taxonomy":"post_tag","embeddable":true,"href":"https:\/\/eldiariodesanpedro.com.ar\/sitio\/wp-json\/wp\/v2\/tags?post=89154"}],"curies":[{"name":"wp","href":"https:\/\/api.w.org\/{rel}","templated":true}]}}