{"id":89151,"date":"2021-03-15T10:35:14","date_gmt":"2021-03-15T13:35:14","guid":{"rendered":"https:\/\/eldiariodesanpedro.com.ar\/sitio\/?p=89151"},"modified":"2021-03-15T10:35:18","modified_gmt":"2021-03-15T13:35:18","slug":"por-la-inseguridad-berni-reclamo-una-nueva-ley-penal-juvenil","status":"publish","type":"post","link":"https:\/\/eldiariodesanpedro.com.ar\/sitio\/por-la-inseguridad-berni-reclamo-una-nueva-ley-penal-juvenil\/","title":{"rendered":"Por la inseguridad, Berni reclam\u00f3 una nueva Ley penal juvenil"},"content":{"rendered":"<!-- VideographyWP Plugin Message: Automatic video embedding prevented by plugin options. -->\n\n<p><strong>El ministro de Seguridad de la provincia de Buenos Aires, Sergio Berni, asegur\u00f3 que \u201cel problema de la inseguridad tiene una larga cadena de responsabilidades\u201d, a\u00f1adiendo que \u201cla Justicia tiene que ser parte de la soluci\u00f3n, no del problema\u201d.<\/strong><\/p>\n\n\n\n<p>En tal sentido, se\u00f1al\u00f3 que \u201clos c\u00f3digos hay que ir renov\u00e1ndolos permanentemente, porque a la hora de trabajar tenemos un sistema judicial que es muy laxo\u201d, y a\u00f1adi\u00f3 que \u201csi hemos sido capaces de discutir la interrupci\u00f3n legal del embarazo, c\u00f3mo no vamos a discutir una nueva ley penal juvenil, c\u00f3mo hacemos para proteger a los menores, c\u00f3mo hacemos para bajar la ley de imputabilidad de los menores\u201d.<\/p>\n\n\n\n<p>El responsable de la Seguridad bonaerense agreg\u00f3 que \u201cla Provincia de Buenos Aires tiene un problema estructural que viene arrastrando desde hace mucho tiempo con las diferentes agencias, tenemos que entender que el delito es multiagencial y multicausal\u201d.<\/p>\n\n\n\n<p>Al respecto, consider\u00f3 que \u201ctodos tenemos la concepci\u00f3n de que el delito se combate con un polic\u00eda m\u00e1s, con un polic\u00eda menos con m\u00e1s chalecos, mas radios\u201d, y manifest\u00f3 que \u201cla seguridad comienza a construirse en los barrios, en el lugar donde comienza la g\u00e9nesis del delito, en el lugar donde se entiende y se ingresa la cultura del delito, por eso decimos que se ataca de manera polifac\u00e9tica donde es fundamental la educaci\u00f3n y las pol\u00edticas de inclusi\u00f3n, donde el deporte tiene una contenci\u00f3n que hace que el chico este en las escuelas jugando al f\u00fatbol y no este drog\u00e1ndose en la esquina, en contacto con la delincuencia\u201d.<\/p>\n\n\n\n<p>Berni partici\u00f3 del acto de entrega de 120 nuevos chalecos antibalas en Esteban Echeverr\u00eda, junto al intendente Fernando Gray, en el Centro Operativo de Monitoreo de ese distrito, en el marco de los trabajos conjuntos para equipar a las fuerzas y mejorar la Seguridad.<\/p>\n\n\n\n<p>Fuente: La Tecla<\/p>\n","protected":false},"excerpt":{"rendered":"<p>El ministro de Seguridad de la provincia de Buenos Aires, Sergio Berni, asegur\u00f3 que \u201cel problema de la inseguridad tiene una larga cadena de responsabilidades\u201d, a\u00f1adiendo que \u201cla Justicia tiene que ser parte de la soluci\u00f3n, no del problema\u201d. En tal sentido, se\u00f1al\u00f3 que \u201clos c\u00f3digos hay que ir renov\u00e1ndolos permanentemente, porque a la hora [&hellip;]<\/p>\n","protected":false},"author":4,"featured_media":89152,"comment_status":"open","ping_status":"closed","sticky":false,"template":"","format":"standard","meta":{"om_disable_all_campaigns":false,"_jetpack_memberships_contains_paid_content":false,"footnotes":""},"categories":[621],"tags":[],"class_list":["post-89151","post","type-post","status-publish","format-standard","has-post-thumbnail","hentry","category-regionales"],"aioseo_notices":[],"gutentor_comment":0,"jetpack_featured_media_url":"https:\/\/eldiariodesanpedro.com.ar\/sitio\/wp-content\/uploads\/2021\/03\/sergio-berni-1.jpg","jetpack_shortlink":"https:\/\/wp.me\/p6RhLt-nbV","jetpack_sharing_enabled":true,"_links":{"self":[{"href":"https:\/\/eldiariodesanpedro.com.ar\/sitio\/wp-json\/wp\/v2\/posts\/89151","targetHints":{"allow":["GET"]}}],"collection":[{"href":"https:\/\/eldiariodesanpedro.com.ar\/sitio\/wp-json\/wp\/v2\/posts"}],"about":[{"href":"https:\/\/eldiariodesanpedro.com.ar\/sitio\/wp-json\/wp\/v2\/types\/post"}],"author":[{"embeddable":true,"href":"https:\/\/eldiariodesanpedro.com.ar\/sitio\/wp-json\/wp\/v2\/users\/4"}],"replies":[{"embeddable":true,"href":"https:\/\/eldiariodesanpedro.com.ar\/sitio\/wp-json\/wp\/v2\/comments?post=89151"}],"version-history":[{"count":1,"href":"https:\/\/eldiariodesanpedro.com.ar\/sitio\/wp-json\/wp\/v2\/posts\/89151\/revisions"}],"predecessor-version":[{"id":89153,"href":"https:\/\/eldiariodesanpedro.com.ar\/sitio\/wp-json\/wp\/v2\/posts\/89151\/revisions\/89153"}],"wp:featuredmedia":[{"embeddable":true,"href":"https:\/\/eldiariodesanpedro.com.ar\/sitio\/wp-json\/wp\/v2\/media\/89152"}],"wp:attachment":[{"href":"https:\/\/eldiariodesanpedro.com.ar\/sitio\/wp-json\/wp\/v2\/media?parent=89151"}],"wp:term":[{"taxonomy":"category","embeddable":true,"href":"https:\/\/eldiariodesanpedro.com.ar\/sitio\/wp-json\/wp\/v2\/categories?post=89151"},{"taxonomy":"post_tag","embeddable":true,"href":"https:\/\/eldiariodesanpedro.com.ar\/sitio\/wp-json\/wp\/v2\/tags?post=89151"}],"curies":[{"name":"wp","href":"https:\/\/api.w.org\/{rel}","templated":true}]}}