{"id":89148,"date":"2021-03-15T10:09:37","date_gmt":"2021-03-15T13:09:37","guid":{"rendered":"https:\/\/eldiariodesanpedro.com.ar\/sitio\/?p=89148"},"modified":"2021-03-15T10:09:43","modified_gmt":"2021-03-15T13:09:43","slug":"silvio-velo-ningun-concejal-se-comunico-conmigo-para-saber-un-poco-de-lo-que-hacemos","status":"publish","type":"post","link":"https:\/\/eldiariodesanpedro.com.ar\/sitio\/silvio-velo-ningun-concejal-se-comunico-conmigo-para-saber-un-poco-de-lo-que-hacemos\/","title":{"rendered":"Silvio Velo: \u201cNing\u00fan concejal se comunic\u00f3 conmigo para saber un poco de lo que hacemos\u201d"},"content":{"rendered":"<!-- VideographyWP Plugin Message: Automatic video embedding prevented by plugin options. -->\n\n<p>El HCD aprob\u00f3 un pedido de informes que el bloque del FDT hab\u00eda presentado solicitando explicaciones sobre la instalaci\u00f3n de carribares en Vta. de Obligado y el camping municipal. All\u00ed, el capit\u00e1n de Los Murci\u00e9lagos tiene un emprendimiento familiar.\u00a0<\/p>\n\n\n\n<p>El bloque de concejales del Frente de Todos present\u00f3 un pedido de informes al ejecutivo relacionado con el funcionamiento de carribares en la playa de Vuelta de Obligado y el camping municipal que funciona en el ex Tiro Federal.<\/p>\n\n\n\n<p>En la sesi\u00f3n de la \u00faltima semana el bloque oficialista acompa\u00f1\u00f3 el proyecto de la oposici\u00f3n y m\u00e1s all\u00e1 de que la prestaci\u00f3n del servicio debe estar reglamentada provoc\u00f3 la reacci\u00f3n de gran parte de la comunidad debido a que quien explota el carribar del camping municipal es la familia de Silvio Velo, capit\u00e1n de la selecci\u00f3n Argentina de no videntes, quien a trav\u00e9s de este emprendimiento logr\u00f3 generar un ingreso m\u00e1s para su familia.<\/p>\n\n\n\n<p>En la sesi\u00f3n de la \u00faltima semana el bloque oficialista acompa\u00f1\u00f3 el proyecto de la oposici\u00f3n y m\u00e1s all\u00e1 de que la prestaci\u00f3n del servicio debe estar reglamentada provoc\u00f3 la reacci\u00f3n de gran parte de la comunidad debido a que quien explota el carribar del camping municipal es la familia de Silvio Velo, capit\u00e1n de la selecci\u00f3n Argentina de no videntes, quien a trav\u00e9s de este emprendimiento logr\u00f3 generar un ingreso m\u00e1s para su familia.<\/p>\n","protected":false},"excerpt":{"rendered":"<p>El HCD aprob\u00f3 un pedido de informes que el bloque del FDT hab\u00eda presentado solicitando explicaciones sobre la instalaci\u00f3n de carribares en Vta. de Obligado y el camping municipal. All\u00ed, el capit\u00e1n de Los Murci\u00e9lagos tiene un emprendimiento familiar.\u00a0 El bloque de concejales del Frente de Todos present\u00f3 un pedido de informes al ejecutivo relacionado [&hellip;]<\/p>\n","protected":false},"author":4,"featured_media":89149,"comment_status":"open","ping_status":"closed","sticky":false,"template":"","format":"standard","meta":{"om_disable_all_campaigns":false,"_jetpack_memberships_contains_paid_content":false,"footnotes":""},"categories":[50,101,2],"tags":[],"class_list":["post-89148","post","type-post","status-publish","format-standard","has-post-thumbnail","hentry","category-destacadas","category-interes-general-locales","category-locales"],"aioseo_notices":[],"gutentor_comment":0,"jetpack_featured_media_url":"https:\/\/eldiariodesanpedro.com.ar\/sitio\/wp-content\/uploads\/2021\/03\/000090480.jpg","jetpack_shortlink":"https:\/\/wp.me\/p6RhLt-nbS","jetpack_sharing_enabled":true,"_links":{"self":[{"href":"https:\/\/eldiariodesanpedro.com.ar\/sitio\/wp-json\/wp\/v2\/posts\/89148","targetHints":{"allow":["GET"]}}],"collection":[{"href":"https:\/\/eldiariodesanpedro.com.ar\/sitio\/wp-json\/wp\/v2\/posts"}],"about":[{"href":"https:\/\/eldiariodesanpedro.com.ar\/sitio\/wp-json\/wp\/v2\/types\/post"}],"author":[{"embeddable":true,"href":"https:\/\/eldiariodesanpedro.com.ar\/sitio\/wp-json\/wp\/v2\/users\/4"}],"replies":[{"embeddable":true,"href":"https:\/\/eldiariodesanpedro.com.ar\/sitio\/wp-json\/wp\/v2\/comments?post=89148"}],"version-history":[{"count":1,"href":"https:\/\/eldiariodesanpedro.com.ar\/sitio\/wp-json\/wp\/v2\/posts\/89148\/revisions"}],"predecessor-version":[{"id":89150,"href":"https:\/\/eldiariodesanpedro.com.ar\/sitio\/wp-json\/wp\/v2\/posts\/89148\/revisions\/89150"}],"wp:featuredmedia":[{"embeddable":true,"href":"https:\/\/eldiariodesanpedro.com.ar\/sitio\/wp-json\/wp\/v2\/media\/89149"}],"wp:attachment":[{"href":"https:\/\/eldiariodesanpedro.com.ar\/sitio\/wp-json\/wp\/v2\/media?parent=89148"}],"wp:term":[{"taxonomy":"category","embeddable":true,"href":"https:\/\/eldiariodesanpedro.com.ar\/sitio\/wp-json\/wp\/v2\/categories?post=89148"},{"taxonomy":"post_tag","embeddable":true,"href":"https:\/\/eldiariodesanpedro.com.ar\/sitio\/wp-json\/wp\/v2\/tags?post=89148"}],"curies":[{"name":"wp","href":"https:\/\/api.w.org\/{rel}","templated":true}]}}