{"id":89145,"date":"2021-03-15T09:59:30","date_gmt":"2021-03-15T12:59:30","guid":{"rendered":"https:\/\/eldiariodesanpedro.com.ar\/sitio\/?p=89145"},"modified":"2021-03-15T09:59:33","modified_gmt":"2021-03-15T12:59:33","slug":"mas-de-2000-vecinos-dejarian-de-pagar-impuesto-a-las-ganancias","status":"publish","type":"post","link":"https:\/\/eldiariodesanpedro.com.ar\/sitio\/mas-de-2000-vecinos-dejarian-de-pagar-impuesto-a-las-ganancias\/","title":{"rendered":"Mas de 2000 vecinos dejar\u00edan de pagar impuesto a las ganancias"},"content":{"rendered":"<!-- VideographyWP Plugin Message: Automatic video embedding prevented by plugin options. -->\n\n<p>El bloque de concejales del Frente de Todos public\u00f3 en sus redes sociales un flyer en el que indica que un total de 2099 vecinos y vecinas del partido de San Pedro dejar\u00e1n de pagar impuesto a las ganancias, de aprobarse la nueva ley.&nbsp;<\/p>\n\n\n\n<p>Esta semana, las comisiones de Presupuesto y Hacienda y de Legislaci\u00f3n del Trabajo de la C\u00e1mara de Diputados, desarrollar\u00e1n esta semana la \u00faltima etapa del debate del proyecto con modificaciones.&nbsp;<\/p>\n\n\n\n<p>El an\u00e1lisis de quienes siguen el trabajo legislativo es que -tal cual el cronograma original- se podr\u00eda firmar dictamen para llevarlo al recinto de la C\u00e1mara baja en los pr\u00f3ximos d\u00edas.<\/p>\n\n\n\n<p>La semana pasada, el plenario de comisiones escuch\u00f3 los testimonios de especialistas en materia tributaria el jueves pasado y al d\u00eda siguiente a sindicalistas.<\/p>\n\n\n\n<p>El proyecto que prev\u00e9 elevar el m\u00ednimo no imponible del impuesto a las Ganancias a 150.000 pesos brutos, como as\u00ed tambi\u00e9n incluye una serie de exenciones y la retroactividad al 1ro. de enero.<\/p>\n\n\n\n<p>La idea original era que el proyecto llegara al recinto esta semana, aunque no se descarta que sea la semana que viene. Teniendo en cuenta que se trata de un proyecto que cuenta con el aval de todos los sectores, no habr\u00e1 problemas para resolver la fecha de tratamiento, a fin de que pueda implementarse el beneficio en breve.<\/p>\n\n\n\n<p>Precisamente los beneficiados se calculan en 1.267.000 personas, del total de dos millones de asalariados registrados que hoy pagan ese tributo.<\/p>\n","protected":false},"excerpt":{"rendered":"<p>El bloque de concejales del Frente de Todos public\u00f3 en sus redes sociales un flyer en el que indica que un total de 2099 vecinos y vecinas del partido de San Pedro dejar\u00e1n de pagar impuesto a las ganancias, de aprobarse la nueva ley.&nbsp; Esta semana, las comisiones de Presupuesto y Hacienda y de Legislaci\u00f3n [&hellip;]<\/p>\n","protected":false},"author":4,"featured_media":89146,"comment_status":"open","ping_status":"closed","sticky":false,"template":"","format":"standard","meta":{"om_disable_all_campaigns":false,"_jetpack_memberships_contains_paid_content":false,"footnotes":""},"categories":[101,2],"tags":[],"class_list":["post-89145","post","type-post","status-publish","format-standard","has-post-thumbnail","hentry","category-interes-general-locales","category-locales"],"aioseo_notices":[],"gutentor_comment":0,"jetpack_featured_media_url":"https:\/\/eldiariodesanpedro.com.ar\/sitio\/wp-content\/uploads\/2021\/03\/Ganancias-San-Pedro.jpg","jetpack_shortlink":"https:\/\/wp.me\/p6RhLt-nbP","jetpack_sharing_enabled":true,"_links":{"self":[{"href":"https:\/\/eldiariodesanpedro.com.ar\/sitio\/wp-json\/wp\/v2\/posts\/89145","targetHints":{"allow":["GET"]}}],"collection":[{"href":"https:\/\/eldiariodesanpedro.com.ar\/sitio\/wp-json\/wp\/v2\/posts"}],"about":[{"href":"https:\/\/eldiariodesanpedro.com.ar\/sitio\/wp-json\/wp\/v2\/types\/post"}],"author":[{"embeddable":true,"href":"https:\/\/eldiariodesanpedro.com.ar\/sitio\/wp-json\/wp\/v2\/users\/4"}],"replies":[{"embeddable":true,"href":"https:\/\/eldiariodesanpedro.com.ar\/sitio\/wp-json\/wp\/v2\/comments?post=89145"}],"version-history":[{"count":1,"href":"https:\/\/eldiariodesanpedro.com.ar\/sitio\/wp-json\/wp\/v2\/posts\/89145\/revisions"}],"predecessor-version":[{"id":89147,"href":"https:\/\/eldiariodesanpedro.com.ar\/sitio\/wp-json\/wp\/v2\/posts\/89145\/revisions\/89147"}],"wp:featuredmedia":[{"embeddable":true,"href":"https:\/\/eldiariodesanpedro.com.ar\/sitio\/wp-json\/wp\/v2\/media\/89146"}],"wp:attachment":[{"href":"https:\/\/eldiariodesanpedro.com.ar\/sitio\/wp-json\/wp\/v2\/media?parent=89145"}],"wp:term":[{"taxonomy":"category","embeddable":true,"href":"https:\/\/eldiariodesanpedro.com.ar\/sitio\/wp-json\/wp\/v2\/categories?post=89145"},{"taxonomy":"post_tag","embeddable":true,"href":"https:\/\/eldiariodesanpedro.com.ar\/sitio\/wp-json\/wp\/v2\/tags?post=89145"}],"curies":[{"name":"wp","href":"https:\/\/api.w.org\/{rel}","templated":true}]}}