{"id":89131,"date":"2021-03-14T21:21:19","date_gmt":"2021-03-15T00:21:19","guid":{"rendered":"https:\/\/eldiariodesanpedro.com.ar\/sitio\/?p=89131"},"modified":"2021-03-14T21:21:23","modified_gmt":"2021-03-15T00:21:23","slug":"guacone-recibio-los-54-junto-a-sergio-berni","status":"publish","type":"post","link":"https:\/\/eldiariodesanpedro.com.ar\/sitio\/guacone-recibio-los-54-junto-a-sergio-berni\/","title":{"rendered":"Guacone recibi\u00f3 los 54 junto a Sergio Berni"},"content":{"rendered":"<!-- VideographyWP Plugin Message: Automatic video embedding prevented by plugin options. -->\n\n<p>Este domingo el ex jefe comunal celebra un a\u00f1o m\u00e1s de su natalicio y lo celebr\u00f3 junto a familiares, amigos y la especial visita del ministro de seguridad bonaerense.\u00a0<\/p>\n\n\n\n<p>Este domingo 14 de febrero el ex Intendente Pablo Guacone cumple 54 a\u00f1os de vida y en la noche del s\u00e1bado los recibi\u00f3 con una cena en la casa de su madre y donde estuvieron amigos, familiares y la presencia del ministro de seguridad de la Provincia de Buenos Aires, Sergio Berni, con quien los une una amistad de hace a\u00f1os.<\/p>\n\n\n\n<p>\u201cEstoy\u00a0colaborando con una gran persona\u201d, hab\u00eda contado Guacne entre semana cuando estuvo en los estudios de FM G\u00e9nesis. \u201cPor ejemplo en mi gesti\u00f3n pudimos concretar la instalaci\u00f3n del centro de monitoreo. Tengo una gran relaci\u00f3n con Sergio Berni y su esposa Agustina Propato a quienes conozco desde hace muchos a\u00f1os. Es un dirigente con compromiso, lealtad, inteligencia, con un alto compromiso. Berni es la envidia de muchos pol\u00edticos con aspiraciones, es un candidato muy firme para el 2023\u201d, hab\u00eda destacado el ex Intendente y por eso no sorprendi\u00f3 la presencia del zarate\u00f1o en su casa para compartir un momento de intimidad.\u00a0<\/p>\n","protected":false},"excerpt":{"rendered":"<p>Este domingo el ex jefe comunal celebra un a\u00f1o m\u00e1s de su natalicio y lo celebr\u00f3 junto a familiares, amigos y la especial visita del ministro de seguridad bonaerense.\u00a0 Este domingo 14 de febrero el ex Intendente Pablo Guacone cumple 54 a\u00f1os de vida y en la noche del s\u00e1bado los recibi\u00f3 con una cena [&hellip;]<\/p>\n","protected":false},"author":4,"featured_media":89132,"comment_status":"open","ping_status":"closed","sticky":false,"template":"","format":"standard","meta":{"om_disable_all_campaigns":false,"_jetpack_memberships_contains_paid_content":false,"footnotes":""},"categories":[101,2],"tags":[],"class_list":["post-89131","post","type-post","status-publish","format-standard","has-post-thumbnail","hentry","category-interes-general-locales","category-locales"],"aioseo_notices":[],"gutentor_comment":0,"jetpack_featured_media_url":"https:\/\/eldiariodesanpedro.com.ar\/sitio\/wp-content\/uploads\/2021\/03\/000090472.jpg","jetpack_shortlink":"https:\/\/wp.me\/p6RhLt-nbB","jetpack_sharing_enabled":true,"_links":{"self":[{"href":"https:\/\/eldiariodesanpedro.com.ar\/sitio\/wp-json\/wp\/v2\/posts\/89131","targetHints":{"allow":["GET"]}}],"collection":[{"href":"https:\/\/eldiariodesanpedro.com.ar\/sitio\/wp-json\/wp\/v2\/posts"}],"about":[{"href":"https:\/\/eldiariodesanpedro.com.ar\/sitio\/wp-json\/wp\/v2\/types\/post"}],"author":[{"embeddable":true,"href":"https:\/\/eldiariodesanpedro.com.ar\/sitio\/wp-json\/wp\/v2\/users\/4"}],"replies":[{"embeddable":true,"href":"https:\/\/eldiariodesanpedro.com.ar\/sitio\/wp-json\/wp\/v2\/comments?post=89131"}],"version-history":[{"count":1,"href":"https:\/\/eldiariodesanpedro.com.ar\/sitio\/wp-json\/wp\/v2\/posts\/89131\/revisions"}],"predecessor-version":[{"id":89133,"href":"https:\/\/eldiariodesanpedro.com.ar\/sitio\/wp-json\/wp\/v2\/posts\/89131\/revisions\/89133"}],"wp:featuredmedia":[{"embeddable":true,"href":"https:\/\/eldiariodesanpedro.com.ar\/sitio\/wp-json\/wp\/v2\/media\/89132"}],"wp:attachment":[{"href":"https:\/\/eldiariodesanpedro.com.ar\/sitio\/wp-json\/wp\/v2\/media?parent=89131"}],"wp:term":[{"taxonomy":"category","embeddable":true,"href":"https:\/\/eldiariodesanpedro.com.ar\/sitio\/wp-json\/wp\/v2\/categories?post=89131"},{"taxonomy":"post_tag","embeddable":true,"href":"https:\/\/eldiariodesanpedro.com.ar\/sitio\/wp-json\/wp\/v2\/tags?post=89131"}],"curies":[{"name":"wp","href":"https:\/\/api.w.org\/{rel}","templated":true}]}}