{"id":89129,"date":"2021-03-14T21:03:00","date_gmt":"2021-03-15T00:03:00","guid":{"rendered":"https:\/\/eldiariodesanpedro.com.ar\/sitio\/?p=89129"},"modified":"2021-03-14T21:03:05","modified_gmt":"2021-03-15T00:03:05","slug":"este-fin-de-semana-se-desbarataron-dos-fiestas-clandestinas-y-un-inspector-resulto-herido","status":"publish","type":"post","link":"https:\/\/eldiariodesanpedro.com.ar\/sitio\/este-fin-de-semana-se-desbarataron-dos-fiestas-clandestinas-y-un-inspector-resulto-herido\/","title":{"rendered":"Este fin de semana se desbarataron dos fiestas clandestinas y un inspector resulto herido"},"content":{"rendered":"<!-- VideographyWP Plugin Message: Automatic video embedding prevented by plugin options. -->\n\n<p>Esta madrugada de s\u00e1bado, el personal esta ra\u00edz llamado concurre a una fiesta clandestina en Predio del Paseo P\u00fablico, ubicado en calle Juan de Garay sin altura catastral, trasladando a dependencia policial\u00a0 a masculino de 18 a\u00f1os, quien era encargado del sonido del evento\u00a0 en el cual hab\u00eda concurrencia de al menos 400 personas.\u00a0 Quebrantando distanciamiento social.<\/p>\n\n\n\n<p>En la madrugada del domingo la polic\u00eda realizado la clausura de una fiesta ubicada en calle Combate de Obligado al 2500 donde j\u00f3venes se encontraban rompiendo el distanciamiento social por lo que se logro dispersar a sus concurrentes, uno de los inspectores que se encontraban en el lugar realizando la correspondiente acta sufri\u00f3 lesiones tras recibir un piedrazo de uno de los concurrentes.<\/p>\n","protected":false},"excerpt":{"rendered":"<p>Esta madrugada de s\u00e1bado, el personal esta ra\u00edz llamado concurre a una fiesta clandestina en Predio del Paseo P\u00fablico, ubicado en calle Juan de Garay sin altura catastral, trasladando a dependencia policial\u00a0 a masculino de 18 a\u00f1os, quien era encargado del sonido del evento\u00a0 en el cual hab\u00eda concurrencia de al menos 400 personas.\u00a0 Quebrantando [&hellip;]<\/p>\n","protected":false},"author":4,"featured_media":77860,"comment_status":"open","ping_status":"closed","sticky":false,"template":"","format":"standard","meta":{"om_disable_all_campaigns":false,"_jetpack_memberships_contains_paid_content":false,"footnotes":""},"categories":[50,2,103],"tags":[],"class_list":["post-89129","post","type-post","status-publish","format-standard","has-post-thumbnail","hentry","category-destacadas","category-locales","category-policiales-locales"],"aioseo_notices":[],"gutentor_comment":0,"jetpack_featured_media_url":"https:\/\/eldiariodesanpedro.com.ar\/sitio\/wp-content\/uploads\/2020\/07\/000085506.jpg","jetpack_shortlink":"https:\/\/wp.me\/p6RhLt-nbz","jetpack_sharing_enabled":true,"_links":{"self":[{"href":"https:\/\/eldiariodesanpedro.com.ar\/sitio\/wp-json\/wp\/v2\/posts\/89129","targetHints":{"allow":["GET"]}}],"collection":[{"href":"https:\/\/eldiariodesanpedro.com.ar\/sitio\/wp-json\/wp\/v2\/posts"}],"about":[{"href":"https:\/\/eldiariodesanpedro.com.ar\/sitio\/wp-json\/wp\/v2\/types\/post"}],"author":[{"embeddable":true,"href":"https:\/\/eldiariodesanpedro.com.ar\/sitio\/wp-json\/wp\/v2\/users\/4"}],"replies":[{"embeddable":true,"href":"https:\/\/eldiariodesanpedro.com.ar\/sitio\/wp-json\/wp\/v2\/comments?post=89129"}],"version-history":[{"count":1,"href":"https:\/\/eldiariodesanpedro.com.ar\/sitio\/wp-json\/wp\/v2\/posts\/89129\/revisions"}],"predecessor-version":[{"id":89130,"href":"https:\/\/eldiariodesanpedro.com.ar\/sitio\/wp-json\/wp\/v2\/posts\/89129\/revisions\/89130"}],"wp:featuredmedia":[{"embeddable":true,"href":"https:\/\/eldiariodesanpedro.com.ar\/sitio\/wp-json\/wp\/v2\/media\/77860"}],"wp:attachment":[{"href":"https:\/\/eldiariodesanpedro.com.ar\/sitio\/wp-json\/wp\/v2\/media?parent=89129"}],"wp:term":[{"taxonomy":"category","embeddable":true,"href":"https:\/\/eldiariodesanpedro.com.ar\/sitio\/wp-json\/wp\/v2\/categories?post=89129"},{"taxonomy":"post_tag","embeddable":true,"href":"https:\/\/eldiariodesanpedro.com.ar\/sitio\/wp-json\/wp\/v2\/tags?post=89129"}],"curies":[{"name":"wp","href":"https:\/\/api.w.org\/{rel}","templated":true}]}}